{"id":10461,"date":"2025-07-07T15:56:48","date_gmt":"2025-07-07T12:56:48","guid":{"rendered":"https:\/\/mukellef.co\/blog\/?p=10461"},"modified":"2025-07-07T15:56:53","modified_gmt":"2025-07-07T12:56:53","slug":"vergi-iadesi-nedir","status":"publish","type":"post","link":"https:\/\/mukellef.co\/blog\/vergi-iadesi-nedir\/","title":{"rendered":"Vergi \u0130adesi Nedir? Nas\u0131l Al\u0131n\u0131r?"},"content":{"rendered":"\n<p>Ticari i\u015fletmeler, vergi d\u00f6nemleri boyunca \u00e7e\u015fitli y\u0131ll\u0131k vergilere veya \u00fcr\u00fcne ve hizmete ba\u011fl\u0131 olarak \u00f6denen vergilerle m\u00fckellef olur. \u0130\u015fletme sahipleri ve vergi m\u00fckellefleri, vergi d\u00f6nemleri gelince y\u0131l boyu yap\u0131lan bu \u00f6demelerin kar\u015f\u0131l\u0131\u011f\u0131nda herhangi bir maddi geri d\u00f6n\u00fc\u015f al\u0131p alamayaca\u011f\u0131n\u0131 merak eder. M\u00fckellefler bu maddi d\u00f6n\u00fc\u015flerin planlanmas\u0131yla mali hesaplamalar\u0131n\u0131 daha ger\u00e7ek\u00e7i bir zeminde yapabilir. Vergi iadeleri, y\u0131l boyunca fazladan yap\u0131lan vergi \u00f6demelerini geri almak i\u00e7in sunulan f\u0131rsatlardan biri olarak kabul edilebilir. Peki, vergi iadesi nedir? Kimler, hangi \u015fartlarla, nas\u0131l vergi iadesi alabilir?<\/p>\n\n\n\n<div id=\"ez-toc-container\" class=\"ez-toc-v2_0_82_2 counter-hierarchy ez-toc-counter ez-toc-white ez-toc-container-direction\">\n<div class=\"ez-toc-title-container\">\n<p class=\"ez-toc-title ez-toc-toggle\" style=\"cursor:pointer\">\u0130\u00e7indekiler<\/p>\n<span class=\"ez-toc-title-toggle\"><a href=\"#\" class=\"ez-toc-pull-right ez-toc-btn ez-toc-btn-xs ez-toc-btn-default ez-toc-toggle\" aria-label=\"\u0130\u00e7indekiler Tablosunu A\u00e7\/Kapat\"><span class=\"ez-toc-js-icon-con\"><span class=\"\"><span class=\"eztoc-hide\" style=\"display:none;\">Toggle<\/span><span class=\"ez-toc-icon-toggle-span\"><svg style=\"fill: #999;color:#999\" xmlns=\"http:\/\/www.w3.org\/2000\/svg\" class=\"list-377408\" width=\"20px\" height=\"20px\" viewBox=\"0 0 24 24\" fill=\"none\"><path d=\"M6 6H4v2h2V6zm14 0H8v2h12V6zM4 11h2v2H4v-2zm16 0H8v2h12v-2zM4 16h2v2H4v-2zm16 0H8v2h12v-2z\" fill=\"currentColor\"><\/path><\/svg><svg style=\"fill: #999;color:#999\" class=\"arrow-unsorted-368013\" xmlns=\"http:\/\/www.w3.org\/2000\/svg\" width=\"10px\" height=\"10px\" viewBox=\"0 0 24 24\" version=\"1.2\" baseProfile=\"tiny\"><path d=\"M18.2 9.3l-6.2-6.3-6.2 6.3c-.2.2-.3.4-.3.7s.1.5.3.7c.2.2.4.3.7.3h11c.3 0 .5-.1.7-.3.2-.2.3-.5.3-.7s-.1-.5-.3-.7zM5.8 14.7l6.2 6.3 6.2-6.3c.2-.2.3-.5.3-.7s-.1-.5-.3-.7c-.2-.2-.4-.3-.7-.3h-11c-.3 0-.5.1-.7.3-.2.2-.3.5-.3.7s.1.5.3.7z\"\/><\/svg><\/span><\/span><\/span><\/a><\/span><\/div>\n<nav><ul class='ez-toc-list ez-toc-list-level-1 eztoc-toggle-hide-by-default' ><li class='ez-toc-page-1 ez-toc-heading-level-2'><a class=\"ez-toc-link ez-toc-heading-1\" href=\"https:\/\/mukellef.co\/blog\/vergi-iadesi-nedir\/#Vergi_Iadesi_Nedir\" >Vergi \u0130adesi Nedir?<\/a><\/li><li class='ez-toc-page-1 ez-toc-heading-level-2'><a class=\"ez-toc-link ez-toc-heading-2\" href=\"https:\/\/mukellef.co\/blog\/vergi-iadesi-nedir\/#Kimler_Vergi_Iadesi_Alabilir\" >Kimler Vergi \u0130adesi Alabilir?<\/a><\/li><li class='ez-toc-page-1 ez-toc-heading-level-2'><a class=\"ez-toc-link ez-toc-heading-3\" href=\"https:\/\/mukellef.co\/blog\/vergi-iadesi-nedir\/#Vergi_Iadesi_Icin_Gerekli_Belgeler_Nedir\" >Vergi \u0130adesi \u0130\u00e7in Gerekli Belgeler Nedir?<\/a><\/li><li class='ez-toc-page-1 ez-toc-heading-level-2'><a class=\"ez-toc-link ez-toc-heading-4\" href=\"https:\/\/mukellef.co\/blog\/vergi-iadesi-nedir\/#Vergi_Iadesi_Nasil_Alinir\" >Vergi \u0130adesi Nas\u0131l Al\u0131n\u0131r?<\/a><\/li><li class='ez-toc-page-1 ez-toc-heading-level-2'><a class=\"ez-toc-link ez-toc-heading-5\" href=\"https:\/\/mukellef.co\/blog\/vergi-iadesi-nedir\/#Vergi_Iadesi_Nasil_Hesaplanir\" >Vergi \u0130adesi Nas\u0131l Hesaplan\u0131r?<\/a><\/li><li class='ez-toc-page-1 ez-toc-heading-level-2'><a class=\"ez-toc-link ez-toc-heading-6\" href=\"https:\/\/mukellef.co\/blog\/vergi-iadesi-nedir\/#Vergi_Sureclerinizde_Yardimciniz_Mukellef\" >Vergi S\u00fcre\u00e7lerinizde Yard\u0131mc\u0131n\u0131z: M\u00fckellef<\/a><\/li><li class='ez-toc-page-1 ez-toc-heading-level-2'><a class=\"ez-toc-link ez-toc-heading-7\" href=\"https:\/\/mukellef.co\/blog\/vergi-iadesi-nedir\/#Sikca_Sorulan_Sorular\" >S\u0131k\u00e7a Sorulan Sorular<\/a><ul class='ez-toc-list-level-3' ><li class='ez-toc-heading-level-3'><a class=\"ez-toc-link ez-toc-heading-8\" href=\"https:\/\/mukellef.co\/blog\/vergi-iadesi-nedir\/#Vergi_Iadesi_Ne_Zaman_Yatar\" >Vergi \u0130adesi Ne Zaman Yatar?<\/a><\/li><li class='ez-toc-page-1 ez-toc-heading-level-3'><a class=\"ez-toc-link ez-toc-heading-9\" href=\"https:\/\/mukellef.co\/blog\/vergi-iadesi-nedir\/#Vergi_Iadesi_Sorgulama_Nasil_Yapilir\" >Vergi \u0130adesi Sorgulama Nas\u0131l Yap\u0131l\u0131r?<\/a><\/li><li class='ez-toc-page-1 ez-toc-heading-level-3'><a class=\"ez-toc-link ez-toc-heading-10\" href=\"https:\/\/mukellef.co\/blog\/vergi-iadesi-nedir\/#Vergi_Iadesi_Iptali_Nasil_Yapilir\" >Vergi \u0130adesi \u0130ptali Nas\u0131l Yap\u0131l\u0131r?<\/a><\/li><\/ul><\/li><li class='ez-toc-page-1 ez-toc-heading-level-2'><a class=\"ez-toc-link ez-toc-heading-11\" href=\"https:\/\/mukellef.co\/blog\/vergi-iadesi-nedir\/#Yararlanilan_Kaynaklar\" >Yararlan\u0131lan Kaynaklar<\/a><\/li><\/ul><\/nav><\/div>\n<h2 class=\"wp-block-heading\"><span class=\"ez-toc-section\" id=\"Vergi_Iadesi_Nedir\"><\/span>Vergi \u0130adesi Nedir?<span class=\"ez-toc-section-end\"><\/span><\/h2>\n\n\n\n<p><a href=\"https:\/\/mukellef.co\/blog\/vergi-mukellefi-nedir\/\">Vergi m\u00fckellefi<\/a> olan \u015firketler ve bireyler zaman zaman y\u0131l boyunca \u00f6demesi gerekenden daha fazla vergi \u00f6demek durumunda kalabilir. Bu gibi durumlarda devletin fazladan vergi \u00f6deyen m\u00fckellefler i\u00e7in sa\u011flad\u0131\u011f\u0131 geri \u00f6deme y\u00f6ntemine vergi iadesi denir. Ancak t\u00fcm vergi t\u00fcrleri i\u00e7in vergi iadesinden s\u00f6z etmek m\u00fcmk\u00fcn de\u011fildir.\u00a0Bu nedenle hangi vergilerin vergi iadesi kapsam\u0131nda oldu\u011funa kanunlar arac\u0131l\u0131\u011f\u0131yla bak\u0131lmas\u0131 gerekir. Kimi vergilerin\u00a0iadeleri beyanname \u00fczerinden hesaplanarak ger\u00e7ekle\u015febilirken kimi vergiler i\u00e7inse ayr\u0131 prosed\u00fcrler uygulanabilir. T\u00fcrkiye&#8217;de en \u00e7ok kar\u015f\u0131la\u015f\u0131lan vergi iadesi t\u00fcrleri y\u0131ll\u0131k gelir vergisi ve katma de\u011fer vergisidir.<\/p>\n\n\n\n<h2 class=\"wp-block-heading\"><span class=\"ez-toc-section\" id=\"Kimler_Vergi_Iadesi_Alabilir\"><\/span>Kimler Vergi \u0130adesi Alabilir?<span class=\"ez-toc-section-end\"><\/span><\/h2>\n\n\n\n<p>Vergi iadesi almak isteyen ki\u015filerin akl\u0131ndan ge\u00e7en konulardan biri de kimlerin vergi iadesi alabilece\u011fidir. Vergi iadesi almak i\u00e7in belirli \u015fartlar\u0131 kar\u015f\u0131lamak&nbsp;gerekir:<\/p>\n\n\n\n<ul class=\"wp-block-list\">\n<li><strong>Vergi M\u00fckellefi Olmak:<\/strong> Vergi iadesi alabilmek i\u00e7in \u00f6ncelikle o vergiyi \u00f6demekle y\u00fck\u00fcml\u00fc olmak gerekir. T\u00fcrkiye&#8217;de en s\u0131k vergi iadesine konu olan m\u00fckellefiyetler y\u0131ll\u0131k gelir vergisi, kurumlar vergisi ve katma de\u011fer vergisi m\u00fckellefiyetleridir. Vergi m\u00fckellefi olmayan ki\u015filer vergi iadesi alamaz.\u00a0<\/li>\n\n\n\n<li><strong>Yersiz veya Fazla Vergi \u00d6demek:<\/strong> \u00d6demesi gereken vergi miktar\u0131n\u0131 \u00f6deyen m\u00fckellefler vergi iadesi alamaz. Bu nedenle kanuni s\u0131n\u0131rlar\u0131n d\u0131\u015f\u0131nda kalarak fazla \u00f6deme yapm\u0131\u015f veya \u00e7e\u015fitli vergi indirimlerinden yararlanabilecekken yararlanmam\u0131\u015f vergi m\u00fckellefleri vergi iadesi alabilir.\u00a0<\/li>\n\n\n\n<li><strong>Kanunda Belirtilmi\u015f Olmak:<\/strong> Al\u0131nacak vergi iadesinin kanunlarda a\u00e7\u0131k\u00e7a belirtilmi\u015f olmas\u0131 gerekir.\u00a0<\/li>\n<\/ul>\n\n\n\n<p>M\u00fckelleflerin en s\u0131k kar\u015f\u0131la\u015ft\u0131\u011f\u0131 vergi \u00e7e\u015fitlerinin gereksinimleriyse \u015fu \u015fekildedir:<\/p>\n\n\n\n<ul class=\"wp-block-list\">\n<li><strong>Gelir\u00a0Vergisi \u0130adesi:<\/strong> T\u00fcrkiye&#8217;de ikamet edip ticari, zirai, serbest meslek kazan\u00e7lar\u0131, gayrimenkul sermaye, menkul sermaye, di\u011fer kazan\u00e7 ve iratlar, \u00fccretlerden gelir elde eden vergi m\u00fckelleflerinin y\u0131l boyunca \u00e7e\u015fitli nedenlerle fazladan vergi \u00f6demesiyle al\u0131nabilir.<\/li>\n\n\n\n<li><strong>Kurumlar Vergisi \u0130adesi:<\/strong> Sermaye \u015firketleri, kooperatifler, iktisadi kamu kurulu\u015flar\u0131, dernek veya vak\u0131flara ait iktisadi i\u015fletmeler ve i\u015f ortakl\u0131klar\u0131 kazan\u00e7lar\u0131 \u00fczerinden belirlenen oranlarda kurumlar vergisi \u00f6demekle y\u00fck\u00fcml\u00fcd\u00fcr. \u00d6demesi gerekenden fazla \u00f6denmi\u015f verginin kurumlar vergi iadesi, kanunda belirtilen s\u00fcreler i\u00e7inde al\u0131nabilir.<\/li>\n\n\n\n<li><strong>Katma De\u011fer Vergisi \u0130adesi:<\/strong> M\u00fckelleflerin yapt\u0131\u011f\u0131 \u00e7e\u015fitli i\u015flemlerden KDV tahsil edilememesi ve bu bedelin indirim yoluyla telafi edilememesinden kaynaklan\u0131r. \u0130ade gerektiren i\u015flemlerden baz\u0131lar\u0131 3065 say\u0131l\u0131 Katma De\u011fer Vergisi Kanunu&#8217;nda ihracat i\u015flemleri, deniz, hava ve demir yoluyla ta\u015f\u0131ma ara\u00e7lar\u0131n teslimi transit ta\u015f\u0131mac\u0131l\u0131k olarak\u00a0a\u00e7\u0131klan\u0131r.<\/li>\n<\/ul>\n\n\n\n<h2 class=\"wp-block-heading\"><span class=\"ez-toc-section\" id=\"Vergi_Iadesi_Icin_Gerekli_Belgeler_Nedir\"><\/span>Vergi \u0130adesi \u0130\u00e7in Gerekli Belgeler Nedir?<span class=\"ez-toc-section-end\"><\/span><\/h2>\n\n\n\n<p>Vergi iadesi talebinde bulunman\u0131n iki yolu vard\u0131r: \u00e7evrim i\u00e7i ba\u015fvuru ve fiziksel ba\u015fvuru. Vergi iadesi istemlerinden baz\u0131lar\u0131 \u00e7evrim i\u00e7i \u015fekilde platformlar \u00fczerinden&nbsp;yap\u0131lmal\u0131yken bu kapsam d\u0131\u015f\u0131nda kalan vergi iadeleri i\u00e7in fiziksel olarak birka\u00e7 belgenin bulundurulmas\u0131 gerekmektedir.<\/p>\n\n\n\n<p>Bu belgeler \u015fu \u015fekilde&nbsp;s\u0131ralanabilir:<\/p>\n\n\n\n<ul class=\"wp-block-list\">\n<li>\u0130ade talep dilek\u00e7esi,<\/li>\n\n\n\n<li>\u0130ade talebine ili\u015fkin ilgili d\u00f6nemin vergi beyannameleri,<\/li>\n\n\n\n<li>KDV iadeleri i\u00e7in sat\u0131\u015f belgeleri,<\/li>\n\n\n\n<li>\u0130adesi talep edilen vergilerin tablosu,<\/li>\n\n\n\n<li>Kimlik veya vergi kimlik numaras\u0131 beyan\u0131,<\/li>\n\n\n\n<li>\u0130lgili iadeyle alakal\u0131 olarak istenen di\u011fer belgeler (faturalar, YMM raporlar\u0131 vb.)<\/li>\n<\/ul>\n\n\n\n<figure class=\"wp-block-image size-large\"><img decoding=\"async\" width=\"1024\" height=\"786\" src=\"https:\/\/mukellef.co\/blog\/wp-content\/uploads\/2025\/07\/vergi-iadesi-nasil-alinir-1024x786.jpg\" alt=\"vergi iadesi nas\u0131l al\u0131n\u0131r\" class=\"wp-image-10471\" title=\"\" srcset=\"https:\/\/mukellef.co\/blog\/wp-content\/uploads\/2025\/07\/vergi-iadesi-nasil-alinir-1024x786.jpg 1024w, https:\/\/mukellef.co\/blog\/wp-content\/uploads\/2025\/07\/vergi-iadesi-nasil-alinir-300x230.jpg 300w, https:\/\/mukellef.co\/blog\/wp-content\/uploads\/2025\/07\/vergi-iadesi-nasil-alinir-768x589.jpg 768w, https:\/\/mukellef.co\/blog\/wp-content\/uploads\/2025\/07\/vergi-iadesi-nasil-alinir-1536x1178.jpg 1536w, https:\/\/mukellef.co\/blog\/wp-content\/uploads\/2025\/07\/vergi-iadesi-nasil-alinir.jpg 1920w\" sizes=\"(max-width: 1024px) 100vw, 1024px\" \/><\/figure>\n\n\n\n<h2 class=\"wp-block-heading\"><span class=\"ez-toc-section\" id=\"Vergi_Iadesi_Nasil_Alinir\"><\/span>Vergi \u0130adesi Nas\u0131l Al\u0131n\u0131r?<span class=\"ez-toc-section-end\"><\/span><\/h2>\n\n\n\n<p>Vergi iadesi almak i\u00e7in izlenmesi gereken ad\u0131mlar, vergi iade talebinin hangi platform \u00fczerinden yap\u0131lmas\u0131 gerekti\u011fine g\u00f6re de\u011fi\u015fiklik g\u00f6sterir. Vergi iadelerine kolay ve h\u0131zl\u0131 bir yakla\u015f\u0131m getirmek i\u00e7in \u00e7\u0131kar\u0131lan 99 Seri Numaral\u0131 Gelir Vergisi Sirk\u00fcleri&#8217;nde belirtildi\u011fi \u00fczere gelir ve kurumlar vergisi m\u00fckelleflerinin 2015 ve izleyen vergilendirme d\u00f6nemlerine y\u00f6nelik vergi iade talepleri, \u00e7evrim i\u00e7i vergi iade talebi sitesi olan Gelir ve Kurumlar Vergisi Standart \u0130ade Sistemi (GEKS\u0130S) \u00fczerinden&nbsp;yap\u0131lmal\u0131d\u0131r. Di\u011fer vergi iadeleri i\u00e7in e-Devlet veya \u0130nteraktif Vergi Dairesi \u00fczerinden ba\u015fvuru&nbsp;yap\u0131labilir.<\/p>\n\n\n\n<p>\u00d6denen verginin fazla oldu\u011fu kimi zaman vergi dairesince belirlenir. Y\u0131ll\u0131k beyannamede belirtilen gelire d\u00e2hil kazan\u00e7 ve iratlardan kanuna g\u00f6re kesilen vergiler, beyanname \u00fczerinden hesaplanan gelir vergisinden d\u00fc\u015f\u00fcl\u00fcr. D\u00fc\u015f\u00fclmesi gereken k\u0131s\u0131m \u00f6denmesi gereken gelir vergisinden fazla olursa aradaki fark vergi dairesince vergi m\u00fckellefine bildirilir, m\u00fckellefin tebli\u011f tarihi \u00fczerinden bir y\u0131l i\u00e7inde ba\u015fvurmas\u0131yla aradaki fark kendisine ret ve iade&nbsp;edilir. &nbsp;<\/p>\n\n\n\n<h2 class=\"wp-block-heading\"><span class=\"ez-toc-section\" id=\"Vergi_Iadesi_Nasil_Hesaplanir\"><\/span>Vergi \u0130adesi Nas\u0131l Hesaplan\u0131r?<span class=\"ez-toc-section-end\"><\/span><\/h2>\n\n\n\n<p>Vergi iadesi hesaplamas\u0131 m\u00fckellefin y\u0131l i\u00e7inde \u00f6dedi\u011fi vergilerin \u00f6demesi gereken vergilerden ne kadar fazla oldu\u011funa g\u00f6re yap\u0131l\u0131r.&nbsp;<\/p>\n\n\n\n<ul class=\"wp-block-list\">\n<li><strong>\u00d6denmesi Gereken Verginin Hesaplanmas\u0131:<\/strong> Y\u0131ll\u0131k gelir veya di\u011fer kalemler i\u00e7in \u00f6denmesi gereken vergi miktar\u0131 hesaplan\u0131r. Burada verginin t\u00fcr\u00fcne ve oran\u0131na dikkat edilmesi gerekir.\u00a0<\/li>\n\n\n\n<li><strong>H\u00e2lihaz\u0131rda \u00d6denmi\u015f Olan Miktar\u0131n Hesaplanmas\u0131:<\/strong> Ge\u00e7ici vergiyle veya vergi tevkifiyle \u00f6denen vergi miktar\u0131 hesaplan\u0131r. Bu ad\u0131mda \u00f6denen miktar\u0131n yanl\u0131\u015fl\u0131kla \u00f6denmi\u015f olmas\u0131 durumunda da gereken ko\u015fullar sa\u011flan\u0131yorsa iade al\u0131nabilir. Bu miktar\u0131n \u00f6denmesi gereken vergi miktar\u0131ndan fazla olmas\u0131 h\u00e2linde vergi iadesine hak kazan\u0131l\u0131r.\u00a0<\/li>\n\n\n\n<li><strong>\u0130ade Miktar\u0131n\u0131n Bulunmas\u0131:<\/strong> \u00d6denmesi gerekenden fazla vergi \u00f6denmesi durumunda bu k\u0131s\u0131m iadeye konu olur. \u0130adenin al\u0131nmas\u0131 i\u00e7in m\u00fckellefe ait vergi borcunun bulunmamas\u0131 gerekir. Aksi h\u00e2lde iade edilecek k\u0131s\u0131m bor\u00e7tan mahsup edilebilir.\u00a0<\/li>\n<\/ul>\n\n\n\n<p>\u00d6rne\u011fin bir vergi m\u00fckellefi, ge\u00e7ici vergi kapsam\u0131nda \u20ba40.000 vergi \u00f6dediyse ve y\u0131l sonunda hesaplanan vergi \u20ba25.000 ise bu ki\u015fiye vergi borcunun bulunmamas\u0131 h\u00e2linde \u20ba15.000 vergi iadesi yap\u0131l\u0131r. M\u00fckellefin \u20ba5.000 vergi borcu olmas\u0131 durumunda bu miktar&nbsp;iade edilecek tutardan mahsup edilir ve m\u00fckellefe \u20ba10.000 iade edilir.&nbsp;<\/p>\n\n\n\n<h2 class=\"wp-block-heading\"><span class=\"ez-toc-section\" id=\"Vergi_Sureclerinizde_Yardimciniz_Mukellef\"><\/span>Vergi S\u00fcre\u00e7lerinizde Yard\u0131mc\u0131n\u0131z: M\u00fckellef<span class=\"ez-toc-section-end\"><\/span><\/h2>\n\n\n\n<p>Vergi s\u00fcre\u00e7leri kimi zaman takip etmesi zor, kafa kar\u0131\u015ft\u0131r\u0131c\u0131 ve uzun olabilir. B\u00f6yle zamanlarda profesyonel destek almak i\u015fletmenize daha iyi odaklan\u0131p b\u00fcy\u00fcme ivmesini art\u0131rmak i\u00e7in gereklilik h\u00e2line gelebilir.\u00a0<a href=\"https:\/\/mukellef.co\/\" target=\"_blank\" rel=\"noreferrer noopener nofollow\">M\u00fckellef<\/a> olarak vergilerinizi sizin yerinize takip ediyor, t\u00fcm prosed\u00fcr\u00fcn g\u00fcncel mevzuata uygun ilerlemesini sa\u011fl\u0131yoruz. T\u00fcrk vergi sisteminde uzmanla\u015fm\u0131\u015f mali m\u00fc\u015favirlerin sa\u011flad\u0131\u011f\u0131 hizmetlerle vergi s\u00fcre\u00e7lerinizi rahat bir \u015fekilde ge\u00e7irebilir, cezalarla veya \u00e7e\u015fitli maddi kay\u0131plarla kar\u015f\u0131la\u015fma ihtimalinizi ortadan kald\u0131rabilirsiniz. <a href=\"https:\/\/app.mukellef.co\/register\/\" target=\"_blank\" rel=\"noreferrer noopener nofollow\">Hemen kaydolun<\/a>, siz de mutlu M\u00fckellef m\u00fc\u015fterilerinin aras\u0131ndaki yerinizi al\u0131n!<\/p>\n\n\n\n\t\t<!--HubSpot Call-to-Action Code -->\n\t\t<span class=\"hs-cta-wrapper\" id=\"hs-cta-wrapper-914ee59c-f9be-41d2-9a32-ca2b1f2f0cff\">\n\t\t<span class=\"hs-cta-node hs-cta-914ee59c-f9be-41d2-9a32-ca2b1f2f0cff\" id=\"914ee59c-f9be-41d2-9a32-ca2b1f2f0cff\">\n\t\t<!--[if lte IE 8]>\n\t\t<div id=\"hs-cta-ie-element\"><\/div>\n\t\t<![endif]-->\n\t\t<a href=\"https:\/\/cta-redirect.hubspot.com\/cta\/redirect\/5318651\/914ee59c-f9be-41d2-9a32-ca2b1f2f0cff\" target=\"_blank\" rel=\"noopener\">\n\t\t<img decoding=\"async\" class=\"hs-cta-img\" id=\"hs-cta-img-914ee59c-f9be-41d2-9a32-ca2b1f2f0cff\" style=\"border-width:0px;\" src=\"https:\/\/no-cache.hubspot.com\/cta\/default\/5318651\/914ee59c-f9be-41d2-9a32-ca2b1f2f0cff.png\" alt=\"New call-to-action\" title=\"\">\n\t\t<\/a>\n\t\t<\/span>\n\t\t<script charset=\"utf-8\" src=\"\/\/js.hubspot.com\/cta\/current.js\"><\/script>\n\t\t<script>\n\t\thbspt.cta.load(5318651, '914ee59c-f9be-41d2-9a32-ca2b1f2f0cff', {});\n\t\t<\/script>\n\t\t<\/span>\n\t\t<!-- end HubSpot Call-to-Action Code -->\n\t\t\n\n\n\n<h2 class=\"wp-block-heading\"><span class=\"ez-toc-section\" id=\"Sikca_Sorulan_Sorular\"><\/span>S\u0131k\u00e7a Sorulan Sorular<span class=\"ez-toc-section-end\"><\/span><\/h2>\n\n\n\n<p>Vergi iadesi hakk\u0131nda s\u0131k\u00e7a sorulan sorulara buradan ula\u015fabilirsiniz.<\/p>\n\n\n<div id=\"rank-math-faq\" class=\"rank-math-block\">\n<div class=\"rank-math-list \">\n<div id=\"faq-question-1751889160722\" class=\"rank-math-list-item\">\n<h3 class=\"rank-math-question \"><span class=\"ez-toc-section\" id=\"Vergi_Iadesi_Ne_Zaman_Yatar\"><\/span>Vergi \u0130adesi Ne Zaman Yatar?<span class=\"ez-toc-section-end\"><\/span><\/h3>\n<div class=\"rank-math-answer \">\n\n<p>Vergi iadesinin yatma s\u00fcresi verginin t\u00fcr\u00fcne ve iade nedenine g\u00f6re de\u011fi\u015fiklik g\u00f6sterebilir. Bu s\u00fcre genellikle 1-3 ay aras\u0131ndad\u0131r fakat de\u011fi\u015fkenlere ba\u011fl\u0131 olarak s\u00fcrede art\u0131\u015f veya azal\u0131\u015f ya\u015fanabilir.\u00a0<\/p>\n\n<\/div>\n<\/div>\n<div id=\"faq-question-1751889266986\" class=\"rank-math-list-item\">\n<h3 class=\"rank-math-question \"><span class=\"ez-toc-section\" id=\"Vergi_Iadesi_Sorgulama_Nasil_Yapilir\"><\/span>Vergi \u0130adesi Sorgulama Nas\u0131l Yap\u0131l\u0131r?<span class=\"ez-toc-section-end\"><\/span><\/h3>\n<div class=\"rank-math-answer \">\n\n<p>M\u00fckellefler taraf\u0131ndan elektronik ortamda standart iade takip dilek\u00e7esiyle yap\u0131lan katma de\u011fer vergisi, gelir veya kurumlar vergisi iadeleri taleplerinin hangi durumda oldu\u011fu, ne gibi i\u015flemlerin yap\u0131ld\u0131\u011f\u0131 anl\u0131k olarak \u0130nternet Vergi Dairesi-&gt;Bilgi Giri\u015fi-&gt;\u0130adem Nerede ekran\u0131ndan detayl\u0131ca g\u00f6r\u00fcnt\u00fclenebilir.\u00a0<\/p>\n\n<\/div>\n<\/div>\n<div id=\"faq-question-1751889277106\" class=\"rank-math-list-item\">\n<h3 class=\"rank-math-question \"><span class=\"ez-toc-section\" id=\"Vergi_Iadesi_Iptali_Nasil_Yapilir\"><\/span>Vergi \u0130adesi \u0130ptali Nas\u0131l Yap\u0131l\u0131r?<span class=\"ez-toc-section-end\"><\/span><\/h3>\n<div class=\"rank-math-answer \">\n\n<p>Vergi iadesi iptali veya de\u011fi\u015fikli\u011fi yapmak isteyen m\u00fckellefler 429 s\u0131ra numaral\u0131 Vergi Usul Kanunu Genel Tebli\u011fi ekinde bulunan yedi numaral\u0131 iade talebinden vazge\u00e7me veya de\u011fi\u015ftirme adl\u0131 dilek\u00e7eyi doldurduktan sonra iptali istenen dilek\u00e7eyi de dosyaya ekleyerek k\u00e2\u011f\u0131t ortam\u0131nda vergi dairesine ba\u015fvuruda\u00a0bulunabilir.\u00a0<\/p>\n\n<\/div>\n<\/div>\n<\/div>\n<\/div>\n\n\n<h2 class=\"wp-block-heading\"><span class=\"ez-toc-section\" id=\"Yararlanilan_Kaynaklar\"><\/span>Yararlan\u0131lan Kaynaklar<span class=\"ez-toc-section-end\"><\/span><\/h2>\n\n\n\n<ul class=\"wp-block-list\">\n<li><a href=\"https:\/\/www.turkiye.gov.tr\/gib-intvrg-gelkur\" target=\"_blank\" rel=\"noreferrer noopener nofollow\">https:\/\/www.turkiye.gov.tr\/gib-intvrg-gelkur<\/a><\/li>\n\n\n\n<li><a href=\"https:\/\/www.mevzuat.gov.tr\/mevzuat?MevzuatNo=193&amp;MevzuatTur=1&amp;MevzuatTertip=4\" target=\"_blank\" rel=\"noreferrer noopener nofollow\">https:\/\/www.mevzuat.gov.tr\/mevzuat?MevzuatNo=193&amp;MevzuatTur=1&amp;MevzuatTertip=4<\/a><\/li>\n\n\n\n<li><a href=\"https:\/\/www.mevzuat.gov.tr\/mevzuat?MevzuatNo=5520&amp;MevzuatTur=1&amp;MevzuatTertip=5\" target=\"_blank\" rel=\"noreferrer noopener nofollow\">https:\/\/www.mevzuat.gov.tr\/mevzuat?MevzuatNo=5520&amp;MevzuatTur=1&amp;MevzuatTertip=5<\/a><\/li>\n\n\n\n<li><a href=\"https:\/\/www.gib.gov.tr\/sikca-sorulan-sorular\" target=\"_blank\" rel=\"noreferrer noopener nofollow\">https:\/\/www.gib.gov.tr\/sikca-sorulan-sorular<\/a><\/li>\n\n\n\n<li><a href=\"https:\/\/www.turmob.org.tr\/arsiv\/mbs\/resmigazete\/-vergi_iade_alc_mahs_ilskn_rehber.pdf\" target=\"_blank\" rel=\"noreferrer noopener nofollow\">https:\/\/www.turmob.org.tr\/arsiv\/mbs\/resmigazete\/-vergi_iade_alc_mahs_ilskn_rehber.pdf<\/a><\/li>\n\n\n\n<li><a href=\"https:\/\/intvrg.gib.gov.tr\/GEKSIS_Kilavuz.pdf\" target=\"_blank\" rel=\"noreferrer noopener nofollow\">https:\/\/intvrg.gib.gov.tr\/GEKSIS_Kilavuz.pdf<\/a><\/li>\n\n\n\n<li><a href=\"https:\/\/gib.gov.tr\/IademNerede\" target=\"_blank\" rel=\"noreferrer noopener nofollow\">https:\/\/gib.gov.tr\/IademNerede<\/a><\/li>\n<\/ul>\n","protected":false},"excerpt":{"rendered":"<p>Ticari i\u015fletmeler, vergi d\u00f6nemleri boyunca \u00e7e\u015fitli y\u0131ll\u0131k vergilere veya \u00fcr\u00fcne ve hizmete ba\u011fl\u0131 olarak \u00f6denen vergilerle m\u00fckellef olur. \u0130\u015fletme sahipleri ve vergi m\u00fckellefleri, vergi d\u00f6nemleri gelince y\u0131l boyu yap\u0131lan bu \u00f6demelerin kar\u015f\u0131l\u0131\u011f\u0131nda herhangi bir maddi geri d\u00f6n\u00fc\u015f al\u0131p alamayaca\u011f\u0131n\u0131 merak eder. M\u00fckellefler bu maddi d\u00f6n\u00fc\u015flerin planlanmas\u0131yla mali hesaplamalar\u0131n\u0131 daha ger\u00e7ek\u00e7i bir zeminde yapabilir. Vergi iadeleri, &#8230;<\/p>\n","protected":false},"author":29,"featured_media":10470,"comment_status":"open","ping_status":"open","sticky":false,"template":"","format":"standard","meta":{"content-type":"","inline_featured_image":false,"footnotes":""},"categories":[30],"tags":[],"class_list":["post-10461","post","type-post","status-publish","format-standard","has-post-thumbnail","hentry","category-vergisel-konular"],"_links":{"self":[{"href":"https:\/\/mukellef.co\/blog\/wp-json\/wp\/v2\/posts\/10461","targetHints":{"allow":["GET"]}}],"collection":[{"href":"https:\/\/mukellef.co\/blog\/wp-json\/wp\/v2\/posts"}],"about":[{"href":"https:\/\/mukellef.co\/blog\/wp-json\/wp\/v2\/types\/post"}],"author":[{"embeddable":true,"href":"https:\/\/mukellef.co\/blog\/wp-json\/wp\/v2\/users\/29"}],"replies":[{"embeddable":true,"href":"https:\/\/mukellef.co\/blog\/wp-json\/wp\/v2\/comments?post=10461"}],"version-history":[{"count":1,"href":"https:\/\/mukellef.co\/blog\/wp-json\/wp\/v2\/posts\/10461\/revisions"}],"predecessor-version":[{"id":10472,"href":"https:\/\/mukellef.co\/blog\/wp-json\/wp\/v2\/posts\/10461\/revisions\/10472"}],"wp:featuredmedia":[{"embeddable":true,"href":"https:\/\/mukellef.co\/blog\/wp-json\/wp\/v2\/media\/10470"}],"wp:attachment":[{"href":"https:\/\/mukellef.co\/blog\/wp-json\/wp\/v2\/media?parent=10461"}],"wp:term":[{"taxonomy":"category","embeddable":true,"href":"https:\/\/mukellef.co\/blog\/wp-json\/wp\/v2\/categories?post=10461"},{"taxonomy":"post_tag","embeddable":true,"href":"https:\/\/mukellef.co\/blog\/wp-json\/wp\/v2\/tags?post=10461"}],"curies":[{"name":"wp","href":"https:\/\/api.w.org\/{rel}","templated":true}]}}