{"id":10683,"date":"2025-08-18T16:56:30","date_gmt":"2025-08-18T13:56:30","guid":{"rendered":"https:\/\/mukellef.co\/blog\/?p=10683"},"modified":"2025-08-18T17:20:10","modified_gmt":"2025-08-18T14:20:10","slug":"abd-de-minimis-istisnasi-degisikligi","status":"publish","type":"post","link":"https:\/\/mukellef.co\/blog\/abd-de-minimis-istisnasi-degisikligi\/","title":{"rendered":"ABD De Minimis \u0130stisnas\u0131 De\u011fi\u015fikli\u011fi"},"content":{"rendered":"\n<p>Uluslararas\u0131 ticarette \u00fclkelerin g\u00fcmr\u00fck politikalar\u0131n\u0131 \u015fekillendiren en \u00f6nemli unsurlardan biri de d\u00fc\u015f\u00fck de\u011ferli \u00fcr\u00fcnlere tan\u0131nan muafiyetlerdir. Bu kapsamda \u201cDe Minimis\u201d kural\u0131, belirlenen e\u015fik de\u011ferin alt\u0131nda kalan g\u00f6nderilerin g\u00fcmr\u00fck vergisi ve ek evrak i\u015flerinden muaf tutulmas\u0131n\u0131 ifade eder. \u00d6zellikle e-ticaretin y\u00fckseli\u015fiyle \u00f6nem kazanan bu uygulama, son y\u0131llarda ABD\u2019nin ticaret politikalar\u0131nda yap\u0131lan de\u011fi\u015fikliklerle yeniden g\u00fcndeme gelmi\u015ftir. De Minimis \u0130stisnas\u0131 kapsam\u0131nda yap\u0131lan de\u011fi\u015fikler ve yeni d\u00fczen hakk\u0131nda t\u00fcm detaylar\u0131 sizin i\u00e7in a\u00e7\u0131klad\u0131k.<\/p>\n\n\n\n<div id=\"ez-toc-container\" class=\"ez-toc-v2_0_82_2 counter-hierarchy ez-toc-counter ez-toc-white ez-toc-container-direction\">\n<div class=\"ez-toc-title-container\">\n<p class=\"ez-toc-title ez-toc-toggle\" style=\"cursor:pointer\">\u0130\u00e7indekiler<\/p>\n<span class=\"ez-toc-title-toggle\"><a href=\"#\" class=\"ez-toc-pull-right ez-toc-btn ez-toc-btn-xs ez-toc-btn-default ez-toc-toggle\" aria-label=\"\u0130\u00e7indekiler Tablosunu A\u00e7\/Kapat\"><span class=\"ez-toc-js-icon-con\"><span class=\"\"><span class=\"eztoc-hide\" style=\"display:none;\">Toggle<\/span><span class=\"ez-toc-icon-toggle-span\"><svg style=\"fill: #999;color:#999\" xmlns=\"http:\/\/www.w3.org\/2000\/svg\" class=\"list-377408\" width=\"20px\" height=\"20px\" viewBox=\"0 0 24 24\" fill=\"none\"><path d=\"M6 6H4v2h2V6zm14 0H8v2h12V6zM4 11h2v2H4v-2zm16 0H8v2h12v-2zM4 16h2v2H4v-2zm16 0H8v2h12v-2z\" fill=\"currentColor\"><\/path><\/svg><svg style=\"fill: #999;color:#999\" class=\"arrow-unsorted-368013\" xmlns=\"http:\/\/www.w3.org\/2000\/svg\" width=\"10px\" height=\"10px\" viewBox=\"0 0 24 24\" version=\"1.2\" baseProfile=\"tiny\"><path d=\"M18.2 9.3l-6.2-6.3-6.2 6.3c-.2.2-.3.4-.3.7s.1.5.3.7c.2.2.4.3.7.3h11c.3 0 .5-.1.7-.3.2-.2.3-.5.3-.7s-.1-.5-.3-.7zM5.8 14.7l6.2 6.3 6.2-6.3c.2-.2.3-.5.3-.7s-.1-.5-.3-.7c-.2-.2-.4-.3-.7-.3h-11c-.3 0-.5.1-.7.3-.2.2-.3.5-.3.7s.1.5.3.7z\"\/><\/svg><\/span><\/span><\/span><\/a><\/span><\/div>\n<nav><ul class='ez-toc-list ez-toc-list-level-1 eztoc-toggle-hide-by-default' ><li class='ez-toc-page-1 ez-toc-heading-level-2'><a class=\"ez-toc-link ez-toc-heading-1\" href=\"https:\/\/mukellef.co\/blog\/abd-de-minimis-istisnasi-degisikligi\/#De_Minimis_Kurali_Nedir\" >De Minimis Kural\u0131 Nedir?<\/a><\/li><li class='ez-toc-page-1 ez-toc-heading-level-2'><a class=\"ez-toc-link ez-toc-heading-2\" href=\"https:\/\/mukellef.co\/blog\/abd-de-minimis-istisnasi-degisikligi\/#De_Minimis_Kurali_Kaldiriliyor_mu\" >De Minimis Kural\u0131 Kald\u0131r\u0131l\u0131yor mu?<\/a><\/li><li class='ez-toc-page-1 ez-toc-heading-level-2'><a class=\"ez-toc-link ez-toc-heading-3\" href=\"https:\/\/mukellef.co\/blog\/abd-de-minimis-istisnasi-degisikligi\/#De_Minimis_Kurali_Sonrasi_ABDye_Gonderilen_Urunlerin_Vergilendirilmesi_Nasil_Olacak\" >De Minimis Kural\u0131 Sonras\u0131 ABD\u2019ye G\u00f6nderilen \u00dcr\u00fcnlerin Vergilendirilmesi Nas\u0131l Olacak?<\/a><ul class='ez-toc-list-level-3' ><li class='ez-toc-heading-level-3'><a class=\"ez-toc-link ez-toc-heading-4\" href=\"https:\/\/mukellef.co\/blog\/abd-de-minimis-istisnasi-degisikligi\/#Sabit_Urun_Basina_Vergilendirme\" >Sabit \u00dcr\u00fcn Ba\u015f\u0131na Vergilendirme<\/a><\/li><li class='ez-toc-page-1 ez-toc-heading-level-3'><a class=\"ez-toc-link ez-toc-heading-5\" href=\"https:\/\/mukellef.co\/blog\/abd-de-minimis-istisnasi-degisikligi\/#Ad_Valorem_Deger_Esasina_Gore_Vergilendirme\" >Ad Valorem (De\u011fer Esas\u0131na) G\u00f6re Vergilendirme<\/a><\/li><\/ul><\/li><li class='ez-toc-page-1 ez-toc-heading-level-2'><a class=\"ez-toc-link ez-toc-heading-6\" href=\"https:\/\/mukellef.co\/blog\/abd-de-minimis-istisnasi-degisikligi\/#Kural_Degisikliginin_Olasi_Sonuclari\" >Kural De\u011fi\u015fikli\u011finin Olas\u0131 Sonu\u00e7lar\u0131<\/a><\/li><li class='ez-toc-page-1 ez-toc-heading-level-2'><a class=\"ez-toc-link ez-toc-heading-7\" href=\"https:\/\/mukellef.co\/blog\/abd-de-minimis-istisnasi-degisikligi\/#Amerikadaki_Sirketinizin_Vergi_Sureclerini_Mukellef_ile_Yonetin\" >Amerika&#8217;daki \u015eirketinizin Vergi S\u00fcre\u00e7lerini M\u00fckellef ile Y\u00f6netin<\/a><\/li><\/ul><\/nav><\/div>\n<h2 class=\"wp-block-heading\"><span class=\"ez-toc-section\" id=\"De_Minimis_Kurali_Nedir\"><\/span>De Minimis Kural\u0131 Nedir?<span class=\"ez-toc-section-end\"><\/span><\/h2>\n\n\n\n<p>&#8220;De minimis&#8221; terimi, farkl\u0131 \u00fclkeler taraf\u0131ndan belirlenen bir e\u015fik de\u011feri ifade eder. S\u00f6z konusu istisna bu de\u011ferin alt\u0131nda kalan \u00fcr\u00fcnlerin, g\u00fcmr\u00fck vergisi ve ek evrak i\u015flerinden muaf tutulmas\u0131n\u0131 ve ilgili belgeleri d\u00fczenlemeden veya g\u00fcmr\u00fck \u00fccreti \u00f6demeden \u00fclkeye sokulmas\u0131n\u0131 sa\u011flar. Bir di\u011fer deyi\u015fle, g\u00f6nderilen \u00fcr\u00fcnlerin de\u011feri ithalat yap\u0131lacak \u00fclkenin de minimis e\u015fi\u011finin alt\u0131ndaysa, bu paket i\u00e7in ekstra bir belge istenmez, vergi veya g\u00fcmr\u00fck \u00fccreti al\u0131nmaz ve bir t\u00fcr g\u00fcmr\u00fcks\u00fcz ge\u00e7i\u015f ger\u00e7ekle\u015ftirilmi\u015f olur.<\/p>\n\n\n\n<p>\u00d6rne\u011fin, X \u00fclkesinde $500\u2019l\u0131k bir de minimis belirlenmi\u015f ise X \u00fclkesine $500\u2019dan daha d\u00fc\u015f\u00fck fiyatl\u0131 bir \u00fcr\u00fcn g\u00f6nderilmesi durumunda ithalatta talep edilen ek belgeler istenmeyecek, g\u00fcmr\u00fck vs. gibi \u00fccretler al\u0131nmayacakt\u0131r.<\/p>\n\n\n\n<p>ABD\u2019de, Mart 2016\u2019dan \u00f6nce s\u00f6z konusu e\u015fik de\u011feri $200 iken Mart 2016\u2019dan itibaren de minimis e\u015fi\u011fi g\u00fcnl\u00fck $800 olarak belirlenmi\u015fti. Bu kural, \u00f6zellikle e-ticaretin global pazarda b\u00fcy\u00fcmesiyle birlikte, d\u00fc\u015f\u00fck de\u011ferli \u00fcr\u00fcnlerin ABD&#8217;ye daha h\u0131zl\u0131 ve uygun maliyetle girmesini sa\u011fl\u0131yordu.<\/p>\n\n\n\n<h2 class=\"wp-block-heading\"><span class=\"ez-toc-section\" id=\"De_Minimis_Kurali_Kaldiriliyor_mu\"><\/span>De Minimis Kural\u0131 Kald\u0131r\u0131l\u0131yor mu?<span class=\"ez-toc-section-end\"><\/span><\/h2>\n\n\n\n<p>ABD\u2019nin De Minimis ticaret politikas\u0131, de\u011feri ki\u015fi ba\u015f\u0131 g\u00fcnl\u00fck $800 veya alt\u0131 olan bir\u00e7ok \u00fcr\u00fcn\u00fcn \u00fclkeye vergi veya ek bir ithalat prosed\u00fcr\u00fc olmadan giri\u015fine izin veriyordu. Bununla birlikte, ABD, $800 alt\u0131ndaki \u00fcr\u00fcnlere uygulanan <strong>bu muafiyeti sona erdirmi\u015ftir<\/strong>.<\/p>\n\n\n\n<p>Bahsi ge\u00e7en De Minimis muafiyeti, 2 May\u0131s 2025 itibar\u0131yla \u00c7in ve Hong Kong men\u015feli \u00fcr\u00fcnler i\u00e7in kald\u0131r\u0131lm\u0131\u015ft\u0131. 29 A\u011fustos 2025 tarihi itibar\u0131yla <strong>t\u00fcm \u00fclkeler<\/strong> i\u00e7in de minimis uygulamas\u0131 sona erecektir. Bu tarihten sonra, de\u011feri $800 veya alt\u0131nda olan bir\u00e7ok ithal \u00fcr\u00fcn; men\u015fei, \u00fclkeye giri\u015f yolu veya \u015fekli fark etmeksizin ilgili t\u00fcm g\u00fcmr\u00fck uygulamalar\u0131na ve vergilerine tabi olacakt\u0131r. \u00d6rne\u011fin, $100\u2019l\u0131k bir \u00fcr\u00fcn\u00fcn g\u00f6nderilmesi, $10.000\u2019l\u0131k bir \u00fcr\u00fcn ile ayn\u0131 h\u00fck\u00fcm ve ko\u015fullara sahip olacakt\u0131r.<\/p>\n\n\n\n<h2 class=\"wp-block-heading\"><span class=\"ez-toc-section\" id=\"De_Minimis_Kurali_Sonrasi_ABDye_Gonderilen_Urunlerin_Vergilendirilmesi_Nasil_Olacak\"><\/span>De Minimis Kural\u0131 Sonras\u0131 ABD\u2019ye G\u00f6nderilen \u00dcr\u00fcnlerin Vergilendirilmesi Nas\u0131l Olacak?<span class=\"ez-toc-section-end\"><\/span><\/h2>\n\n\n\n<p>De Minimis kural\u0131 sonras\u0131 $800 mebla\u011f\u0131na ba\u011fl\u0131 kal\u0131nmaks\u0131z\u0131n her \u00fcr\u00fcn i\u00e7in vergi tahsilat\u0131 gerekecektir. Burada iki farkl\u0131 y\u00f6ntem ile vergilendirme ba\u015flan\u0131p sonras\u0131nda tek y\u00f6nteme ge\u00e7i\u015f yap\u0131lacakt\u0131r. Ta\u015f\u0131y\u0131c\u0131lar, her ay uygulayacaklar\u0131 y\u00f6ntemi belirleyip bunu ibraz etmek zorundad\u0131r. Bununla birlikte sabit \u00fcr\u00fcn ba\u015f\u0131na vergi y\u00f6ntemi, 29 A\u011fustos 2025\u2019ten sonraki alt\u0131 ay boyunca (yakla\u015f\u0131k 28 \u015eubat 2026\u2019ya kadar) ge\u00e7erli olacakt\u0131r. Bu tarihten sonra ise yaln\u0131zca ad valorem (de\u011fere dayal\u0131) vergi y\u00f6ntemi kullan\u0131labilecektir.<\/p>\n\n\n\n<h3 class=\"wp-block-heading\"><span class=\"ez-toc-section\" id=\"Sabit_Urun_Basina_Vergilendirme\"><\/span>Sabit \u00dcr\u00fcn Ba\u015f\u0131na Vergilendirme<span class=\"ez-toc-section-end\"><\/span><\/h3>\n\n\n\n<p>S\u00f6z konusu y\u00f6ntem 29 A\u011fustos\u2019tan itibaren yaln\u0131zca ilk alt\u0131 ayl\u0131k d\u00f6nemde, men\u015fe \u00fclkesinin IEEPA tarifesine g\u00f6re belirli sabit vergiler \u015feklinde uygulanabilecektir.<\/p>\n\n\n\n<ul class=\"wp-block-list\">\n<li>IEEPA tarifesi %16&#8217;dan az olan \u00fclkeler i\u00e7in \u00fcr\u00fcn ba\u015f\u0131na 80 dolar. (T\u00fcrkiye %15 ile bu kategoridedir).<\/li>\n\n\n\n<li>IEEPA tarifesi %16 ila %25 (dahil) aras\u0131nda olan \u00fclkeler i\u00e7in \u00fcr\u00fcn ba\u015f\u0131na 160 dolar.<\/li>\n\n\n\n<li>IEEPA tarifesi %25&#8217;in \u00fczerinde olan \u00fclkeler i\u00e7in \u00fcr\u00fcn ba\u015f\u0131na 200 dolar.<\/li>\n<\/ul>\n\n\n\n<h3 class=\"wp-block-heading\"><span class=\"ez-toc-section\" id=\"Ad_Valorem_Deger_Esasina_Gore_Vergilendirme\"><\/span>Ad Valorem (De\u011fer Esas\u0131na) G\u00f6re Vergilendirme<span class=\"ez-toc-section-end\"><\/span><\/h3>\n\n\n\n<p>28 \u015eubat\u2019tan itibaren basit \u00fcr\u00fcn ba\u015f\u0131na vergilendirme y\u00f6ntemi hi\u00e7bir ko\u015fulda kullan\u0131lamayacak ve t\u00fcm ge\u00e7erli \u00fcr\u00fcn g\u00f6nderimleri ad valorem, bir di\u011fer deyi\u015fle \u00fcr\u00fcn de\u011ferine g\u00f6re y\u00fczdesel olarak vergilendirilecektir. Bu kapsamda IEEPA \u00e7er\u00e7evesinde men\u015fe \u00fclkeye uygulanan g\u00fcmr\u00fck vergisi oran\u0131na \u00fczerinden vergi hesaplanacakt\u0131r. K\u0131sacas\u0131 bu y\u00f6ntemle, her bir vergiye tabi posta g\u00f6nderisinin de\u011feri \u00fczerinden g\u00fcmr\u00fck vergisi al\u0131nacakt\u0131r.<\/p>\n\n\n\n<h2 class=\"wp-block-heading\"><span class=\"ez-toc-section\" id=\"Kural_Degisikliginin_Olasi_Sonuclari\"><\/span>Kural De\u011fi\u015fikli\u011finin Olas\u0131 Sonu\u00e7lar\u0131<span class=\"ez-toc-section-end\"><\/span><\/h2>\n\n\n\n<p>De Minimis kural\u0131 de\u011fi\u015fikli\u011fi sonras\u0131nda a\u015fa\u011f\u0131daki gibi sonu\u00e7lar ile kar\u015f\u0131la\u015fabilirsiniz:<\/p>\n\n\n\n<ul class=\"wp-block-list\">\n<li>\u0130lgili kural\u0131n uygulamas\u0131 oturana kadar, artan g\u00fcmr\u00fck incelemeleri ve evrak i\u015fleri nedeniyle posta g\u00f6nderilerinde gecikmeler ya\u015fanabilir.<\/li>\n\n\n\n<li>De minimisin kald\u0131r\u0131lmas\u0131 sonucu artan maliyetler ile birlikte daha \u00f6nce g\u00fcmr\u00fcks\u00fcz olarak g\u00f6nderilebilen $800 alt\u0131 \u00fcr\u00fcnler i\u00e7in art\u0131k g\u00fcmr\u00fck vergisi, har\u00e7 ve ek i\u015flem \u00fccretleri \u00f6denmesi gerekebilece\u011finden \u00fcr\u00fcnlerin ABD&#8217;deki nihai fiyat\u0131n\u0131 art\u0131rarak sat\u0131c\u0131lar\u0131n kar marj\u0131n\u0131 d\u00fc\u015f\u00fcrebilir.<\/li>\n\n\n\n<li>ABD d\u0131\u015f\u0131ndan mal g\u00f6nderen e-ticaret \u015firketlerinin, bu gecikmelere kar\u015f\u0131 t\u00fcketicileri bilgilendirmesi ve planlar\u0131n\u0131 buna g\u00f6re yapmas\u0131 gerekebilir.<\/li>\n\n\n\n<li>Her g\u00f6nderi i\u00e7in detayl\u0131 g\u00fcmr\u00fck evrak\u0131 (HTS kodlar\u0131, men\u015fe beyanlar\u0131 vb.) y\u00fck\u00fcml\u00fcl\u00fc\u011f\u00fc gelebilir ve bu durum \u00f6zellikle Etsy, Amazon ve Shopify gibi platformlar \u00fczerinden sat\u0131\u015f yapan k\u00fc\u00e7\u00fck ve orta \u00f6l\u00e7ekli sat\u0131c\u0131lar i\u00e7in yeni bir uyum y\u00fck\u00fc olu\u015fturabilir.<\/li>\n\n\n\n<li>ABD\u2019li t\u00fcketiciler, \u00f6nceden vergi muafiyetine sahip olan \u00fcr\u00fcnler i\u00e7in g\u00fcmr\u00fck vergisi \u00f6demek zorunda kalabileceklerinden, uluslararas\u0131 al\u0131\u015fveri\u015flerde daha fazla \u00f6deme yapabilir ve t\u00fcketim tercihlerini de\u011fi\u015ftirebilirler.<\/li>\n<\/ul>\n\n\n\n<h2 class=\"wp-block-heading\"><span class=\"ez-toc-section\" id=\"Amerikadaki_Sirketinizin_Vergi_Sureclerini_Mukellef_ile_Yonetin\"><\/span>Amerika&#8217;daki \u015eirketinizin Vergi S\u00fcre\u00e7lerini M\u00fckellef ile Y\u00f6netin<span class=\"ez-toc-section-end\"><\/span><\/h2>\n\n\n\n<p>Vergi s\u00fcre\u00e7leri \u00e7o\u011fu giri\u015fimci i\u00e7in karma\u015f\u0131k ve zaman al\u0131c\u0131 g\u00f6r\u00fcnebilir. Farkl\u0131 beyan d\u00f6nemleri, de\u011fi\u015fen mevzuatlar ve dikkat edilmesi gereken yasal y\u00fck\u00fcml\u00fcl\u00fckler derken i\u015finizi b\u00fcy\u00fctmeye odaklanmak yerine evraklarla u\u011fra\u015fmak zorunda kalabilirsiniz. T\u00fcm vergi beyanlar\u0131n\u0131z\u0131 eksiksiz ve zaman\u0131nda sizin ad\u0131n\u0131za takip ederek olas\u0131 cezalar\u0131n \u00f6n\u00fcne ge\u00e7en <a href=\"https:\/\/mukellef.co\/\" target=\"_blank\" rel=\"noreferrer noopener nofollow\">M\u00fckellef<\/a> uzman ekibi ile i\u015finizi b\u00fcy\u00fctmeye odaklanabilirsiniz. Siz hayallerinize odaklan\u0131rken, vergi s\u00fcre\u00e7lerinizi g\u00fcvenle M\u00fckellef\u2019e b\u0131rakabilirsiniz. Hemen <a href=\"https:\/\/app.mukellef.co\/register\/\" target=\"_blank\" rel=\"noreferrer noopener nofollow\">\u00fcye olun<\/a>, size ula\u015fal\u0131m.<\/p>\n\n\n\n\t\t<!--HubSpot Call-to-Action Code -->\n\t\t<span class=\"hs-cta-wrapper\" id=\"hs-cta-wrapper-113c6ddc-bb90-40b9-b205-e15ecc273258\">\n\t\t<span class=\"hs-cta-node hs-cta-113c6ddc-bb90-40b9-b205-e15ecc273258\" id=\"113c6ddc-bb90-40b9-b205-e15ecc273258\">\n\t\t<!--[if lte IE 8]>\n\t\t<div id=\"hs-cta-ie-element\"><\/div>\n\t\t<![endif]-->\n\t\t<a href=\"https:\/\/cta-redirect.hubspot.com\/cta\/redirect\/5318651\/113c6ddc-bb90-40b9-b205-e15ecc273258\" target=\"_blank\" rel=\"noopener\">\n\t\t<img decoding=\"async\" class=\"hs-cta-img\" id=\"hs-cta-img-113c6ddc-bb90-40b9-b205-e15ecc273258\" style=\"border-width:0px;\" src=\"https:\/\/no-cache.hubspot.com\/cta\/default\/5318651\/113c6ddc-bb90-40b9-b205-e15ecc273258.png\" alt=\"New call-to-action\" title=\"\">\n\t\t<\/a>\n\t\t<\/span>\n\t\t<script charset=\"utf-8\" src=\"\/\/js.hubspot.com\/cta\/current.js\"><\/script>\n\t\t<script>\n\t\thbspt.cta.load(5318651, '113c6ddc-bb90-40b9-b205-e15ecc273258', {});\n\t\t<\/script>\n\t\t<\/span>\n\t\t<!-- end HubSpot Call-to-Action Code -->\n\t\t\n","protected":false},"excerpt":{"rendered":"<p>Uluslararas\u0131 ticarette \u00fclkelerin g\u00fcmr\u00fck politikalar\u0131n\u0131 \u015fekillendiren en \u00f6nemli unsurlardan biri de d\u00fc\u015f\u00fck de\u011ferli \u00fcr\u00fcnlere tan\u0131nan muafiyetlerdir. Bu kapsamda \u201cDe Minimis\u201d kural\u0131, belirlenen e\u015fik de\u011ferin alt\u0131nda kalan g\u00f6nderilerin g\u00fcmr\u00fck vergisi ve ek evrak i\u015flerinden muaf tutulmas\u0131n\u0131 ifade eder. \u00d6zellikle e-ticaretin y\u00fckseli\u015fiyle \u00f6nem kazanan bu uygulama, son y\u0131llarda ABD\u2019nin ticaret politikalar\u0131nda yap\u0131lan de\u011fi\u015fikliklerle yeniden g\u00fcndeme gelmi\u015ftir. De &#8230;<\/p>\n","protected":false},"author":29,"featured_media":10690,"comment_status":"open","ping_status":"open","sticky":false,"template":"","format":"standard","meta":{"content-type":"","inline_featured_image":false,"footnotes":""},"categories":[355],"tags":[],"class_list":["post-10683","post","type-post","status-publish","format-standard","has-post-thumbnail","hentry","category-amerikada-sirket-kurmak"],"_links":{"self":[{"href":"https:\/\/mukellef.co\/blog\/wp-json\/wp\/v2\/posts\/10683","targetHints":{"allow":["GET"]}}],"collection":[{"href":"https:\/\/mukellef.co\/blog\/wp-json\/wp\/v2\/posts"}],"about":[{"href":"https:\/\/mukellef.co\/blog\/wp-json\/wp\/v2\/types\/post"}],"author":[{"embeddable":true,"href":"https:\/\/mukellef.co\/blog\/wp-json\/wp\/v2\/users\/29"}],"replies":[{"embeddable":true,"href":"https:\/\/mukellef.co\/blog\/wp-json\/wp\/v2\/comments?post=10683"}],"version-history":[{"count":4,"href":"https:\/\/mukellef.co\/blog\/wp-json\/wp\/v2\/posts\/10683\/revisions"}],"predecessor-version":[{"id":10693,"href":"https:\/\/mukellef.co\/blog\/wp-json\/wp\/v2\/posts\/10683\/revisions\/10693"}],"wp:featuredmedia":[{"embeddable":true,"href":"https:\/\/mukellef.co\/blog\/wp-json\/wp\/v2\/media\/10690"}],"wp:attachment":[{"href":"https:\/\/mukellef.co\/blog\/wp-json\/wp\/v2\/media?parent=10683"}],"wp:term":[{"taxonomy":"category","embeddable":true,"href":"https:\/\/mukellef.co\/blog\/wp-json\/wp\/v2\/categories?post=10683"},{"taxonomy":"post_tag","embeddable":true,"href":"https:\/\/mukellef.co\/blog\/wp-json\/wp\/v2\/tags?post=10683"}],"curies":[{"name":"wp","href":"https:\/\/api.w.org\/{rel}","templated":true}]}}