{"id":12169,"date":"2026-03-30T14:13:04","date_gmt":"2026-03-30T11:13:04","guid":{"rendered":"https:\/\/mukellef.co\/blog\/?p=12169"},"modified":"2026-04-07T16:50:16","modified_gmt":"2026-04-07T13:50:16","slug":"e-fatura-entegratoru-nedir","status":"publish","type":"post","link":"https:\/\/mukellef.co\/blog\/e-fatura-entegratoru-nedir\/","title":{"rendered":"E-Fatura Entegrat\u00f6r\u00fc Nedir? E-Fatura Entegrat\u00f6r Firmalar"},"content":{"rendered":"\n<p>Dijital belge s\u00fcre\u00e7lerini tek panel \u00fczerinden y\u00f6netmek, e-faturalar\u0131 g\u00fcvenli bi\u00e7imde olu\u015fturmak ve teknik altyap\u0131 kurmadan Gelir \u0130daresi Ba\u015fkanl\u0131\u011f\u0131 sistemine entegre olmak art\u0131k m\u00fcmk\u00fcn. \u0130\u015fletmelerin \u00f6zel entegrat\u00f6rlerle nas\u0131l \u00e7al\u0131\u015ft\u0131\u011f\u0131, bu firmalar\u0131n hangi hizmetleri sundu\u011fu ve se\u00e7im s\u00fcrecinde hangi kriterlerin dikkate al\u0131nmas\u0131 gerekti\u011fiyse ara\u015ft\u0131r\u0131lan konular aras\u0131nda.\u00a0Ba\u015fvuru s\u00fcrecinden teknik entegrasyona, veri g\u00fcvenli\u011finden destek hizmetlerine kadar pek \u00e7ok ba\u015fl\u0131\u011f\u0131 kapsayan e-fatura entegrat\u00f6r\u00fcne dair t\u00fcm detaylar\u0131 yaz\u0131m\u0131zda bulabilirsiniz.<\/p>\n\n\n\n<div id=\"ez-toc-container\" class=\"ez-toc-v2_0_82_2 counter-hierarchy ez-toc-counter ez-toc-white ez-toc-container-direction\">\n<div class=\"ez-toc-title-container\">\n<p class=\"ez-toc-title ez-toc-toggle\" style=\"cursor:pointer\">\u0130\u00e7indekiler<\/p>\n<span class=\"ez-toc-title-toggle\"><a href=\"#\" class=\"ez-toc-pull-right ez-toc-btn ez-toc-btn-xs ez-toc-btn-default ez-toc-toggle\" aria-label=\"\u0130\u00e7indekiler Tablosunu A\u00e7\/Kapat\"><span class=\"ez-toc-js-icon-con\"><span class=\"\"><span class=\"eztoc-hide\" style=\"display:none;\">Toggle<\/span><span class=\"ez-toc-icon-toggle-span\"><svg style=\"fill: #999;color:#999\" xmlns=\"http:\/\/www.w3.org\/2000\/svg\" class=\"list-377408\" width=\"20px\" height=\"20px\" viewBox=\"0 0 24 24\" fill=\"none\"><path d=\"M6 6H4v2h2V6zm14 0H8v2h12V6zM4 11h2v2H4v-2zm16 0H8v2h12v-2zM4 16h2v2H4v-2zm16 0H8v2h12v-2z\" fill=\"currentColor\"><\/path><\/svg><svg style=\"fill: #999;color:#999\" class=\"arrow-unsorted-368013\" xmlns=\"http:\/\/www.w3.org\/2000\/svg\" width=\"10px\" height=\"10px\" viewBox=\"0 0 24 24\" version=\"1.2\" baseProfile=\"tiny\"><path d=\"M18.2 9.3l-6.2-6.3-6.2 6.3c-.2.2-.3.4-.3.7s.1.5.3.7c.2.2.4.3.7.3h11c.3 0 .5-.1.7-.3.2-.2.3-.5.3-.7s-.1-.5-.3-.7zM5.8 14.7l6.2 6.3 6.2-6.3c.2-.2.3-.5.3-.7s-.1-.5-.3-.7c-.2-.2-.4-.3-.7-.3h-11c-.3 0-.5.1-.7.3-.2.2-.3.5-.3.7s.1.5.3.7z\"\/><\/svg><\/span><\/span><\/span><\/a><\/span><\/div>\n<nav><ul class='ez-toc-list ez-toc-list-level-1 eztoc-toggle-hide-by-default' ><li class='ez-toc-page-1 ez-toc-heading-level-2'><a class=\"ez-toc-link ez-toc-heading-1\" href=\"https:\/\/mukellef.co\/blog\/e-fatura-entegratoru-nedir\/#Ozel_Entegrator_Nedir\" >\u00d6zel Entegrat\u00f6r Nedir?<\/a><\/li><li class='ez-toc-page-1 ez-toc-heading-level-2'><a class=\"ez-toc-link ez-toc-heading-2\" href=\"https:\/\/mukellef.co\/blog\/e-fatura-entegratoru-nedir\/#Ozel_Entegratorlerin_Sorumluluklari_Nelerdir\" >\u00d6zel Entegrat\u00f6rlerin Sorumluluklar\u0131 Nelerdir?<\/a><\/li><li class='ez-toc-page-1 ez-toc-heading-level-2'><a class=\"ez-toc-link ez-toc-heading-3\" href=\"https:\/\/mukellef.co\/blog\/e-fatura-entegratoru-nedir\/#E-Fatura_ve_E-Arsiv_Icin_Ozel_Entegratorle_Calismak_Zorunlu_mu\" >E-Fatura ve E-Ar\u015fiv \u0130\u00e7in \u00d6zel Entegrat\u00f6rle \u00c7al\u0131\u015fmak Zorunlu mu?<\/a><\/li><li class='ez-toc-page-1 ez-toc-heading-level-2'><a class=\"ez-toc-link ez-toc-heading-4\" href=\"https:\/\/mukellef.co\/blog\/e-fatura-entegratoru-nedir\/#E-Donusum_Yontemleri_Nelerdir_Hangisini_Secmelisiniz\" >E-D\u00f6n\u00fc\u015f\u00fcm Y\u00f6ntemleri Nelerdir? Hangisini Se\u00e7melisiniz?<\/a><ul class='ez-toc-list-level-3' ><li class='ez-toc-heading-level-3'><a class=\"ez-toc-link ez-toc-heading-5\" href=\"https:\/\/mukellef.co\/blog\/e-fatura-entegratoru-nedir\/#GIB_Portal_Yontemi\" >G\u0130B Portal Y\u00f6ntemi<\/a><\/li><li class='ez-toc-page-1 ez-toc-heading-level-3'><a class=\"ez-toc-link ez-toc-heading-6\" href=\"https:\/\/mukellef.co\/blog\/e-fatura-entegratoru-nedir\/#Entegrasyon_Yontemi\" >Entegrasyon Y\u00f6ntemi<\/a><\/li><li class='ez-toc-page-1 ez-toc-heading-level-3'><a class=\"ez-toc-link ez-toc-heading-7\" href=\"https:\/\/mukellef.co\/blog\/e-fatura-entegratoru-nedir\/#Ozel_Entegrasyon_Yontemi\" >\u00d6zel Entegrasyon Y\u00f6ntemi<\/a><\/li><\/ul><\/li><li class='ez-toc-page-1 ez-toc-heading-level-2'><a class=\"ez-toc-link ez-toc-heading-8\" href=\"https:\/\/mukellef.co\/blog\/e-fatura-entegratoru-nedir\/#Ozel_Entegratorle_Calismanin_ve_e-Belge_Sureclerinin_Avantajlari\" >\u00d6zel Entegrat\u00f6rle \u00c7al\u0131\u015fman\u0131n ve e-Belge S\u00fcre\u00e7lerinin Avantajlar\u0131<\/a><\/li><li class='ez-toc-page-1 ez-toc-heading-level-2'><a class=\"ez-toc-link ez-toc-heading-9\" href=\"https:\/\/mukellef.co\/blog\/e-fatura-entegratoru-nedir\/#Ozel_Entegrator_Secerken_Dikkat_Etmeniz_Gerekenler\" >\u00d6zel Entegrat\u00f6r Se\u00e7erken Dikkat Etmeniz Gerekenler<\/a><\/li><li class='ez-toc-page-1 ez-toc-heading-level-2'><a class=\"ez-toc-link ez-toc-heading-10\" href=\"https:\/\/mukellef.co\/blog\/e-fatura-entegratoru-nedir\/#Ozel_Entegrator_Gecisinde_Entegrator_Nasil_Secilir\" >\u00d6zel Entegrat\u00f6r Ge\u00e7i\u015finde Entegrat\u00f6r Nas\u0131l Se\u00e7ilir?<\/a><\/li><li class='ez-toc-page-1 ez-toc-heading-level-2'><a class=\"ez-toc-link ez-toc-heading-11\" href=\"https:\/\/mukellef.co\/blog\/e-fatura-entegratoru-nedir\/#E-Fatura_Entegrator_Degisikligi_Mumkun_mudur\" >E-Fatura Entegrat\u00f6r De\u011fi\u015fikli\u011fi M\u00fcmk\u00fcn m\u00fcd\u00fcr?<\/a><\/li><li class='ez-toc-page-1 ez-toc-heading-level-2'><a class=\"ez-toc-link ez-toc-heading-12\" href=\"https:\/\/mukellef.co\/blog\/e-fatura-entegratoru-nedir\/#E-Fatura_Entegrator_Degisikligi_Nasil_Yapilir\" >E-Fatura Entegrat\u00f6r De\u011fi\u015fikli\u011fi Nas\u0131l Yap\u0131l\u0131r?<\/a><\/li><li class='ez-toc-page-1 ez-toc-heading-level-2'><a class=\"ez-toc-link ez-toc-heading-13\" href=\"https:\/\/mukellef.co\/blog\/e-fatura-entegratoru-nedir\/#E-Donusum_Yontemleri_Arasinda_Gecis_Islemleri\" >E-D\u00f6n\u00fc\u015f\u00fcm Y\u00f6ntemleri Aras\u0131nda Ge\u00e7i\u015f \u0130\u015flemleri<\/a><ul class='ez-toc-list-level-3' ><li class='ez-toc-heading-level-3'><a class=\"ez-toc-link ez-toc-heading-14\" href=\"https:\/\/mukellef.co\/blog\/e-fatura-entegratoru-nedir\/#GIB_Portal_Yonteminden_Ozel_Entegrasyon_Yontemine_Gecis\" >G\u0130B Portal Y\u00f6nteminden \u00d6zel Entegrasyon Y\u00f6ntemine Ge\u00e7i\u015f<\/a><\/li><li class='ez-toc-page-1 ez-toc-heading-level-3'><a class=\"ez-toc-link ez-toc-heading-15\" href=\"https:\/\/mukellef.co\/blog\/e-fatura-entegratoru-nedir\/#GIB_Portal_Yonteminden_Entegrasyon_Yontemine_Gecis\" >G\u0130B Portal Y\u00f6nteminden Entegrasyon Y\u00f6ntemine Ge\u00e7i\u015f<\/a><\/li><li class='ez-toc-page-1 ez-toc-heading-level-3'><a class=\"ez-toc-link ez-toc-heading-16\" href=\"https:\/\/mukellef.co\/blog\/e-fatura-entegratoru-nedir\/#Entegrasyon_Yonteminden_Ozel_Entegrasyon_Yontemine_Gecis\" >Entegrasyon Y\u00f6nteminden \u00d6zel Entegrasyon Y\u00f6ntemine Ge\u00e7i\u015f<\/a><\/li><li class='ez-toc-page-1 ez-toc-heading-level-3'><a class=\"ez-toc-link ez-toc-heading-17\" href=\"https:\/\/mukellef.co\/blog\/e-fatura-entegratoru-nedir\/#Entegrasyon_Yonteminden_GIB_Portal_Yontemine_Gecis\" >Entegrasyon Y\u00f6nteminden G\u0130B Portal Y\u00f6ntemine Ge\u00e7i\u015f<\/a><\/li><li class='ez-toc-page-1 ez-toc-heading-level-3'><a class=\"ez-toc-link ez-toc-heading-18\" href=\"https:\/\/mukellef.co\/blog\/e-fatura-entegratoru-nedir\/#Ozel_Entegrasyon_Yonteminden_GIB_Portal_Yontemine_Gecis\" >\u00d6zel Entegrasyon Y\u00f6nteminden G\u0130B Portal Y\u00f6ntemine Ge\u00e7i\u015f<\/a><\/li><li class='ez-toc-page-1 ez-toc-heading-level-3'><a class=\"ez-toc-link ez-toc-heading-19\" href=\"https:\/\/mukellef.co\/blog\/e-fatura-entegratoru-nedir\/#Ozel_Entegrasyon_Yonteminden_Entegrasyon_Yontemine_Gecis\" >\u00d6zel Entegrasyon Y\u00f6nteminden Entegrasyon Y\u00f6ntemine Ge\u00e7i\u015f<\/a><\/li><\/ul><\/li><li class='ez-toc-page-1 ez-toc-heading-level-2'><a class=\"ez-toc-link ez-toc-heading-20\" href=\"https:\/\/mukellef.co\/blog\/e-fatura-entegratoru-nedir\/#Mukellef_Teknolojiden_On_Muhasebe_Sureclerine_Tam_Destek\" >M\u00fckellef Teknoloji&#8217;den \u00d6n Muhasebe S\u00fcre\u00e7lerine Tam Destek!<\/a><\/li><li class='ez-toc-page-1 ez-toc-heading-level-2'><a class=\"ez-toc-link ez-toc-heading-21\" href=\"https:\/\/mukellef.co\/blog\/e-fatura-entegratoru-nedir\/#Sikca_Sorulan_Sorular\" >S\u0131k\u00e7a Sorulan Sorular<\/a><ul class='ez-toc-list-level-3' ><li class='ez-toc-heading-level-3'><a class=\"ez-toc-link ez-toc-heading-22\" href=\"https:\/\/mukellef.co\/blog\/e-fatura-entegratoru-nedir\/#Entegrator_Degisikligi_Yaparken_Veri_Kaybi_Yasanir_mi\" >Entegrat\u00f6r De\u011fi\u015fikli\u011fi Yaparken Veri Kayb\u0131 Ya\u015fan\u0131r m\u0131?<\/a><\/li><li class='ez-toc-page-1 ez-toc-heading-level-3'><a class=\"ez-toc-link ez-toc-heading-23\" href=\"https:\/\/mukellef.co\/blog\/e-fatura-entegratoru-nedir\/#Eski_Faturalarima_Yeni_Entegrator_Uzerinden_Ulasabilir_miyim\" >Eski Faturalar\u0131ma Yeni Entegrat\u00f6r \u00dczerinden Ula\u015fabilir miyim?<\/a><\/li><li class='ez-toc-page-1 ez-toc-heading-level-3'><a class=\"ez-toc-link ez-toc-heading-24\" href=\"https:\/\/mukellef.co\/blog\/e-fatura-entegratoru-nedir\/#Entegrator_Degisikligi_icin_GIBe_Bildirim_Yapmak_Gerekir_mi\" >Entegrat\u00f6r De\u011fi\u015fikli\u011fi i\u00e7in G\u0130B&#8217;e Bildirim Yapmak Gerekir mi?<\/a><\/li><li class='ez-toc-page-1 ez-toc-heading-level-3'><a class=\"ez-toc-link ez-toc-heading-25\" href=\"https:\/\/mukellef.co\/blog\/e-fatura-entegratoru-nedir\/#Entegrator_Secerken_Maliyet_mi_Yoksa_Teknik_Destek_mi_Oncelikli_Olmali\" >Entegrat\u00f6r Se\u00e7erken Maliyet mi Yoksa Teknik Destek mi \u00d6ncelikli Olmal\u0131?<\/a><\/li><\/ul><\/li><li class='ez-toc-page-1 ez-toc-heading-level-2'><a class=\"ez-toc-link ez-toc-heading-26\" href=\"https:\/\/mukellef.co\/blog\/e-fatura-entegratoru-nedir\/#Yararlanilan_Kaynaklar\" >Yararlan\u0131lan Kaynaklar<\/a><\/li><\/ul><\/nav><\/div>\n<h2 class=\"wp-block-heading\"><span class=\"ez-toc-section\" id=\"Ozel_Entegrator_Nedir\"><\/span>\u00d6zel Entegrat\u00f6r Nedir?<span class=\"ez-toc-section-end\"><\/span><\/h2>\n\n\n\n<p>\u00d6zel entegrat\u00f6r, Gelir \u0130daresi Ba\u015fkanl\u0131\u011f\u0131 (<a href=\"https:\/\/gib.gov.tr\/\" target=\"_blank\" rel=\"noreferrer noopener nofollow\">G\u0130B<\/a>) taraf\u0131ndan yetkilendirilen hizmet sa\u011flay\u0131c\u0131 bir firmad\u0131r.\u00a0M\u00fckelleflerin e-belge, e-fatura, e-ar\u015fiv fatura vb.\u00a0sistemleri kendi teknik altyap\u0131s\u0131 \u00fczerinden kullanmalar\u0131na imk\u00e2n tan\u0131r.\u00a0M\u00fckellefler yaz\u0131l\u0131m geli\u015ftirme ve sistem kurulum y\u00fck\u00fcml\u00fcl\u00fc\u011f\u00fc olmadan e-belge s\u00fcre\u00e7lerini y\u00f6netebilir.\u00a0<\/p>\n\n\n\n<h2 class=\"wp-block-heading\"><span class=\"ez-toc-section\" id=\"Ozel_Entegratorlerin_Sorumluluklari_Nelerdir\"><\/span>\u00d6zel Entegrat\u00f6rlerin Sorumluluklar\u0131 Nelerdir?<span class=\"ez-toc-section-end\"><\/span><\/h2>\n\n\n\n<p>\u00d6zel entegrat\u00f6rler G\u0130B taraf\u0131ndan yay\u0131nlanan e-fatura ve e-ar\u015fiv uygulama k\u0131lavuzlar\u0131 do\u011frultusunda hizmet vermekle y\u00fck\u00fcml\u00fcd\u00fcr. Teknik altyap\u0131n\u0131n kesintisiz \u00e7al\u0131\u015fmas\u0131, veri g\u00fcvenli\u011finin sa\u011flanmas\u0131 ve belgelerin standartlara uygun iletilmesi de entegrat\u00f6r\u00fcn temel sorumluluklar\u0131 aras\u0131ndad\u0131r. Bununla birlikte Vergi Usul Kanunu uyar\u0131nca belgelerin saklanmas\u0131ndan nihai olarak m\u00fckellef sorumludur ve entegrat\u00f6r bu s\u00fcre\u00e7te teknik saklama hizmeti sunar.<\/p>\n\n\n\n<p>Dolay\u0131s\u0131yla entegrat\u00f6rlerin g\u00f6rev alan\u0131 teknik ve operasyonel&nbsp;olarak \u015fu \u015fekildedir:<\/p>\n\n\n\n<ul class=\"wp-block-list\">\n<li>Veri g\u00fcvenli\u011fini ve bilgi gizlili\u011fini sa\u011flamak,<\/li>\n\n\n\n<li>Sistem kesintilerine ve teknik aksakl\u0131klara kar\u015f\u0131 destek sunmak,<\/li>\n\n\n\n<li>Mevzuat de\u011fi\u015fikliklerine uygun g\u00fcncellemeleri ger\u00e7ekle\u015ftirmek,<\/li>\n\n\n\n<li>G\u0130B standartlar\u0131na uygun sistem altyap\u0131s\u0131 kurmak ve s\u00fcrd\u00fcrmek,<\/li>\n\n\n\n<li>Belgelerin elektronik ortamda do\u011fru formatta iletilmesini sa\u011flamak.<\/li>\n<\/ul>\n\n\n\n<h2 class=\"wp-block-heading\"><span class=\"ez-toc-section\" id=\"E-Fatura_ve_E-Arsiv_Icin_Ozel_Entegratorle_Calismak_Zorunlu_mu\"><\/span>E-Fatura ve E-Ar\u015fiv \u0130\u00e7in \u00d6zel Entegrat\u00f6rle \u00c7al\u0131\u015fmak Zorunlu mu?<span class=\"ez-toc-section-end\"><\/span><\/h2>\n\n\n\n<p>E-fatura ve e-ar\u015fiv uygulamalar\u0131nda \u00f6zel entegrat\u00f6rle \u00e7al\u0131\u015fmak zorunlu de\u011fildir. Ancak uygulamaya ge\u00e7i\u015f y\u00f6ntemlerinden biridir. G\u0130B m\u00fckelleflere \u00fc\u00e7 temel y\u00f6ntem sunar: G\u0130B Portal y\u00f6ntemi, do\u011frudan entegrasyon y\u00f6ntemi ve \u00f6zel entegrat\u00f6r y\u00f6ntemi. \u0130\u015fletmenin i\u015flem hacmine, teknik kapasitesine ve operasyonel ihtiya\u00e7lar\u0131na g\u00f6re bu y\u00f6ntemlerden biri tercih edilebilir. Fatura hacmine g\u00f6re i\u015fletmelerde \u00f6zel entegrat\u00f6r modeli yayg\u0131n olarak kullan\u0131l\u0131r.\u00a0<\/p>\n\n\n\n<h2 class=\"wp-block-heading\"><span class=\"ez-toc-section\" id=\"E-Donusum_Yontemleri_Nelerdir_Hangisini_Secmelisiniz\"><\/span>E-D\u00f6n\u00fc\u015f\u00fcm Y\u00f6ntemleri Nelerdir? Hangisini Se\u00e7melisiniz?<span class=\"ez-toc-section-end\"><\/span><\/h2>\n\n\n\n<p>\u00d6zel entegrat\u00f6r y\u00f6ntemi teknik kurulum ve bak\u0131m s\u00fcre\u00e7lerini hizmet sa\u011flay\u0131c\u0131ya devrederek operasyonel kolayl\u0131k sa\u011flar.&nbsp;<\/p>\n\n\n\n<p>\u0130\u015fte <a href=\"https:\/\/mukellef.co\/blog\/e-donusum-nedir-e-donusum-cozumleri-nelerdir\/\">e-d\u00f6n\u00fc\u015f\u00fcm<\/a> i\u00e7in kullan\u0131labilecek \u00f6zel entegrasyon y\u00f6ntemleri:<\/p>\n\n\n\n<ul class=\"wp-block-list\">\n<li>G\u0130B Portal Y\u00f6ntemi,<\/li>\n\n\n\n<li>Entegrasyon Y\u00f6ntemi,<\/li>\n\n\n\n<li>\u00d6zel Entegrasyon Y\u00f6ntemi.<\/li>\n<\/ul>\n\n\n\n<h3 class=\"wp-block-heading\"><span class=\"ez-toc-section\" id=\"GIB_Portal_Yontemi\"><\/span>G\u0130B Portal Y\u00f6ntemi<span class=\"ez-toc-section-end\"><\/span><\/h3>\n\n\n\n<p>G\u0130B Portal y\u00f6ntemi G\u0130B&#8217;in&nbsp;sundu\u011fu \u00fccretsiz web tabanl\u0131 kullan\u0131m modelidir. Bu y\u00f6ntemde m\u00fckellefler G\u0130B\u2019in resm\u00ee portal\u0131 \u00fczerinden e-fatura ve e-ar\u015fiv fatura i\u015flemlerini manuel olarak olu\u015fturur ve g\u00f6nderir. \u00dcstelik ek bir yaz\u0131l\u0131m kurulumu gerekli de\u011fildir. \u0130nternet ba\u011flant\u0131s\u0131 ve mali m\u00fch\u00fcrle ya da e-imzayla sisteme giri\u015f yap\u0131l\u0131r. D\u00fc\u015f\u00fck fatura hacmine sahip i\u015fletmeler i\u00e7in de pratik bir \u00e7\u00f6z\u00fcm sunar. Ancak yo\u011fun i\u015flem hacmi olan firmalarda manuel i\u015flem gerektirmesi nedeniyle operasyonel y\u00fck olu\u015fturabilir.<\/p>\n\n\n\n<h3 class=\"wp-block-heading\"><span class=\"ez-toc-section\" id=\"Entegrasyon_Yontemi\"><\/span>Entegrasyon Y\u00f6ntemi<span class=\"ez-toc-section-end\"><\/span><\/h3>\n\n\n\n<p>Entegrasyon y\u00f6ntemi i\u015fletmenin kendi bilgi i\u015flem sistemi ve G\u0130B sistemi aras\u0131nda do\u011frudan teknik ba\u011flant\u0131 kurulmas\u0131 esas\u0131na dayan\u0131r.&nbsp;Firma bu modelde gerekli yaz\u0131l\u0131m altyap\u0131s\u0131n\u0131 ve teknik gereklilikleri kendisi sa\u011flayarak G\u0130B\u2019in belirledi\u011fi test s\u00fcre\u00e7lerinden ge\u00e7er. Y\u00fcksek fatura hacmine sahip ve g\u00fc\u00e7l\u00fc IT altyap\u0131s\u0131 bulunan i\u015fletmeler i\u00e7in uygundur. Sistem kontrol\u00fc tamamen i\u015fletmenin sorumlulu\u011fundad\u0131r. Teknik bak\u0131m, g\u00fcncelleme ve veri g\u00fcvenli\u011fi s\u00fcre\u00e7leri de firma taraf\u0131ndan y\u00f6netilir.<\/p>\n\n\n\n\t\t<!--HubSpot Call-to-Action Code -->\n\t\t<span class=\"hs-cta-wrapper\" id=\"hs-cta-wrapper-b8775fcc-262b-45dd-82cd-fac0dcd16225\">\n\t\t<span class=\"hs-cta-node hs-cta-b8775fcc-262b-45dd-82cd-fac0dcd16225\" id=\"b8775fcc-262b-45dd-82cd-fac0dcd16225\">\n\t\t<!--[if lte IE 8]>\n\t\t<div id=\"hs-cta-ie-element\"><\/div>\n\t\t<![endif]-->\n\t\t<a href=\"https:\/\/cta-redirect.hubspot.com\/cta\/redirect\/5318651\/b8775fcc-262b-45dd-82cd-fac0dcd16225\" target=\"_blank\" rel=\"noopener\">\n\t\t<img decoding=\"async\" class=\"hs-cta-img\" id=\"hs-cta-img-b8775fcc-262b-45dd-82cd-fac0dcd16225\" style=\"border-width:0px;\" src=\"https:\/\/no-cache.hubspot.com\/cta\/default\/5318651\/b8775fcc-262b-45dd-82cd-fac0dcd16225.png\" alt=\"New call-to-action\" title=\"\">\n\t\t<\/a>\n\t\t<\/span>\n\t\t<script charset=\"utf-8\" src=\"\/\/js.hubspot.com\/cta\/current.js\"><\/script>\n\t\t<script>\n\t\thbspt.cta.load(5318651, 'b8775fcc-262b-45dd-82cd-fac0dcd16225', {});\n\t\t<\/script>\n\t\t<\/span>\n\t\t<!-- end HubSpot Call-to-Action Code -->\n\t\t\n\n\n\n<h3 class=\"wp-block-heading\"><span class=\"ez-toc-section\" id=\"Ozel_Entegrasyon_Yontemi\"><\/span>\u00d6zel Entegrasyon Y\u00f6ntemi<span class=\"ez-toc-section-end\"><\/span><\/h3>\n\n\n\n<p>\u00d6zel entegrasyon y\u00f6ntemi G\u0130B taraf\u0131ndan yetkilendirilmi\u015f entegrat\u00f6r firmalar arac\u0131l\u0131\u011f\u0131yla e-belge s\u00fcre\u00e7lerinin y\u00fcr\u00fct\u00fclmesini ifade eder. Teknik altyap\u0131, bak\u0131m ve g\u00fcncellemeler entegrat\u00f6r taraf\u0131ndan sa\u011flan\u0131r. \u0130\u015fletme, kendi sistemini kurmak zorunda kalmadan e-fatura ve e-ar\u015fiv i\u015flemlerini ger\u00e7ekle\u015ftirebilir. \u00d6zellikle operasyonel kolayl\u0131k arayan ve teknik y\u00fck\u00fc azaltmak isteyen i\u015fletmeler i\u00e7in tercih edilen bir y\u00f6ntemdir. Ancak belge saklama sorumlulu\u011fu Vergi Usul Kanunu kapsam\u0131nda nihai olarak m\u00fckellefe aittir.<\/p>\n\n\n\n<h2 class=\"wp-block-heading\"><span class=\"ez-toc-section\" id=\"Ozel_Entegratorle_Calismanin_ve_e-Belge_Sureclerinin_Avantajlari\"><\/span>\u00d6zel Entegrat\u00f6rle \u00c7al\u0131\u015fman\u0131n ve e-Belge S\u00fcre\u00e7lerinin Avantajlar\u0131<span class=\"ez-toc-section-end\"><\/span><\/h2>\n\n\n\n<p>\u00d6zel entegrat\u00f6rle \u00e7al\u0131\u015fmak e-fatura ve e-ar\u015fiv gibi e-belge s\u00fcre\u00e7lerinin teknik y\u00fck\u00fcn\u00fc azaltarak i\u015fletmelerin operasyonel i\u015fleyi\u015fini daha planl\u0131 bir yap\u0131ya ta\u015f\u0131r. G\u0130B&#8217;le entegrasyonun yetkilendirilmi\u015f hizmet sa\u011flay\u0131c\u0131 arac\u0131l\u0131\u011f\u0131yla y\u00fcr\u00fct\u00fclmesi; sistem kurulum, bak\u0131m ve g\u00fcncelleme s\u00fcre\u00e7lerinin profesyonel bir altyap\u0131 \u00fczerinden ilerlemesini sa\u011flar. B\u00f6ylelikle i\u015fletmeler, yaz\u0131l\u0131m geli\u015ftirme ve teknik uyum s\u00fcre\u00e7lerine zaman ay\u0131rmak yerine finansal operasyonlar\u0131n\u0131 daha kontroll\u00fc \u015fekilde y\u00f6netebilir. e-Belge uygulamalar\u0131 k\u00e2\u011f\u0131t kullan\u0131m\u0131n\u0131 azalt\u0131r, ar\u015fivleme s\u00fcre\u00e7lerini dijital ortama ta\u015f\u0131r ve mevzuata uyumun da d\u00fczenli takip edilmesine imk\u00e2n tan\u0131r.<\/p>\n\n\n\n<p>\u0130\u015fte bu&nbsp;kapsamda \u00f6zel entegrat\u00f6r modeli ve e-belge uygulamalar\u0131 i\u015fletmelere \u00e7e\u015fitli avantajlar sunar:<\/p>\n\n\n\n<ul class=\"wp-block-list\">\n<li>Manuel i\u015flem kaynakl\u0131 hata riskini azalt\u0131r.<\/li>\n\n\n\n<li>Teknik altyap\u0131 kurma zorunlulu\u011funu ortadan kald\u0131r\u0131r.<\/li>\n\n\n\n<li>Raporlama ve veri eri\u015fimini tek panel \u00fczerinden izleme imk\u00e2n\u0131 sunar.<\/li>\n\n\n\n<li>Fatura olu\u015fturma, g\u00f6nderme ve ar\u015fivleme s\u00fcre\u00e7lerini dijital ortamda toplar.<\/li>\n\n\n\n<li>Zaman ve operasyonel maliyetlerin daha kontroll\u00fc y\u00f6netilmesine katk\u0131 sa\u011flar.<\/li>\n\n\n\n<li>G\u0130B standartlar\u0131na uyumlu ve g\u00fcncel sistem \u00fczerinden i\u015flem yap\u0131lmas\u0131n\u0131 destekler.<\/li>\n<\/ul>\n\n\n\n<h2 class=\"wp-block-heading\"><span class=\"ez-toc-section\" id=\"Ozel_Entegrator_Secerken_Dikkat_Etmeniz_Gerekenler\"><\/span>\u00d6zel Entegrat\u00f6r Se\u00e7erken Dikkat Etmeniz Gerekenler<span class=\"ez-toc-section-end\"><\/span><\/h2>\n\n\n\n<p>\u00d6zel entegrat\u00f6r se\u00e7imi e-fatura ile e-ar\u015fiv s\u00fcre\u00e7lerinin kesintisiz ve mevzuata uygun y\u00fcr\u00fct\u00fclmesi a\u00e7\u0131s\u0131ndan olduk\u00e7a \u00f6nemlidir. G\u0130B taraf\u0131ndan yetkilendirilmi\u015f bir firmayla&nbsp;\u00e7al\u0131\u015f\u0131lmas\u0131 temel kriterdir ve&nbsp;yaln\u0131zca yetkilendirme yeterli de\u011fildir. Sunulan teknik altyap\u0131, veri g\u00fcvenli\u011fi \u00f6nlemleri, sistem s\u00fcreklili\u011fi ve destek hizmetlerinin kapsam\u0131 da de\u011ferlendirilmelidir. \u00c7\u00fcnk\u00fc e-belge s\u00fcre\u00e7leri finansal kay\u0131tlarla do\u011frudan ili\u015fkili oldu\u011fu i\u00e7in ya\u015fanabilecek bir teknik aksakl\u0131k operasyonel i\u015fleyi\u015fi etkileyebilir.<\/p>\n\n\n\n<p>Bununla birlikte se\u00e7im yap\u0131l\u0131rken yaln\u0131zca teknik yeterlilik de\u011fil, hizmet deneyimi ve uzun vadeli i\u015f birli\u011fi potansiyeli de dikkate al\u0131nmal\u0131d\u0131r. Entegrat\u00f6r\u00fcn sekt\u00f6rdeki tecr\u00fcbesi, referanslar\u0131 ve hizmet kalitesi i\u015fletmenin gelecekte ya\u015fayabilece\u011fi operasyonel ihtiya\u00e7lar a\u00e7\u0131s\u0131ndan belirleyici olabilir.&nbsp;Sistemin kullan\u0131c\u0131 dostu olmas\u0131, aray\u00fcz\u00fcn sade ve anla\u015f\u0131l\u0131r tasarlanmas\u0131 g\u00fcnl\u00fck kullan\u0131mda ciddi bir zaman avantaj\u0131 sa\u011flar.<\/p>\n\n\n\n<p>Ayn\u0131 zamanda entegrat\u00f6r\u00fcn mevzuat de\u011fi\u015fikliklerine uyum h\u0131z\u0131 da \u00f6nemlidir. e-D\u00f6n\u00fc\u015f\u00fcm uygulamalar\u0131 belirli aral\u0131klarla g\u00fcncellenebildi\u011fi i\u00e7in sistemin h\u0131zl\u0131 adapte olabilmesi gerekir. Raporlama kapasitesi, veri analiz ara\u00e7lar\u0131 ve finansal g\u00f6r\u00fcn\u00fcrl\u00fck sunup sunmad\u0131\u011f\u0131 da de\u011ferlendirme kriterleri aras\u0131nda yer almal\u0131d\u0131r. Uzun vadede \u00f6l\u00e7eklenebilir bir yap\u0131 sunan ve i\u015fletmenin b\u00fcy\u00fcme planlar\u0131na uyum sa\u011flayabilen bir entegrat\u00f6r tercih edilmesi s\u00fcrd\u00fcr\u00fclebilirlik a\u00e7\u0131s\u0131ndan daha sa\u011fl\u0131kl\u0131 bir yakla\u015f\u0131m olacakt\u0131r.<\/p>\n\n\n\n<h2 class=\"wp-block-heading\"><span class=\"ez-toc-section\" id=\"Ozel_Entegrator_Gecisinde_Entegrator_Nasil_Secilir\"><\/span>\u00d6zel Entegrat\u00f6r Ge\u00e7i\u015finde Entegrat\u00f6r Nas\u0131l Se\u00e7ilir?<span class=\"ez-toc-section-end\"><\/span><\/h2>\n\n\n\n<p>\u00d6zel entegrat\u00f6r ge\u00e7i\u015f s\u00fcrecinde se\u00e7im yap\u0131l\u0131rken \u00f6ncelikle G\u0130B taraf\u0131ndan yetkilendirilmi\u015f firmalar aras\u0131ndan de\u011ferlendirme yap\u0131lmal\u0131d\u0131r. Yetkilendirme temel \u015fart olmakla birlikte tek ba\u015f\u0131na yeterli de\u011fildir. Sunulan teknik altyap\u0131n\u0131n g\u00fcvenilirli\u011fi, sistem kesintisizli\u011fi, veri g\u00fcvenli\u011fi politikalar\u0131 ve yedekleme s\u00fcre\u00e7leri detayl\u0131 incelenmelidir.&nbsp;<\/p>\n\n\n\n<p>S\u0131ra s\u0131ra \u015fu ad\u0131mlara bak\u0131labilir:<\/p>\n\n\n\n<ul class=\"wp-block-list\">\n<li>G\u0130B taraf\u0131ndan yetkilendirilmi\u015f olup olmad\u0131\u011f\u0131 kontrol edilmelidir.<\/li>\n\n\n\n<li>Teknik destek hizmetinin kapsam\u0131 ve eri\u015filebilirli\u011fi de\u011ferlendirilmelidir.<\/li>\n\n\n\n<li>Sistem altyap\u0131s\u0131n\u0131n g\u00fcvenli\u011fi ve veri saklama politikalar\u0131 incelenmelidir.<\/li>\n\n\n\n<li>Muhasebe veya ERP programlar\u0131yla entegrasyon uyumu ara\u015ft\u0131r\u0131lmal\u0131d\u0131r.<\/li>\n\n\n\n<li>Fiyatland\u0131rma modelinde kont\u00f6r, paket ve kullan\u0131m bazl\u0131 unsurlar analiz edilmelidir.<\/li>\n\n\n\n<li>Hizmet s\u00f6zle\u015fmesinde veri devri ve entegrat\u00f6r de\u011fi\u015fikli\u011fi s\u00fcre\u00e7leri a\u00e7\u0131k\u00e7a belirtilmelidir.<\/li>\n<\/ul>\n\n\n\n<h2 class=\"wp-block-heading\"><span class=\"ez-toc-section\" id=\"E-Fatura_Entegrator_Degisikligi_Mumkun_mudur\"><\/span>E-Fatura Entegrat\u00f6r De\u011fi\u015fikli\u011fi M\u00fcmk\u00fcn m\u00fcd\u00fcr?<span class=\"ez-toc-section-end\"><\/span><\/h2>\n\n\n\n<p>E-fatura entegrat\u00f6r de\u011fi\u015fikli\u011fi m\u00fcmk\u00fcnd\u00fcr. G\u0130B uygulama esaslar\u0131na g\u00f6re m\u00fckellefler \u00e7al\u0131\u015ft\u0131klar\u0131 \u00f6zel entegrat\u00f6r\u00fc de\u011fi\u015ftirebilir. \u00d6zel entegrat\u00f6rle \u00e7al\u0131\u015fma zorunlu bir model de\u011fildir ve m\u00fckellef, G\u0130B Portal&#8217;la do\u011frudan entegrasyon veya farkl\u0131 bir \u00f6zel entegrat\u00f6r y\u00f6ntemine ge\u00e7i\u015f yapma hakk\u0131na sahiptir. Ancak ge\u00e7i\u015f s\u00fcrecinde aktif s\u00f6zle\u015fmenin durumu, kesintisiz fatura g\u00f6nderim, al\u0131m i\u015flemleri\u00a0ve veri ar\u015fivleme sorumlulu\u011fu dikkatlice planlanmal\u0131d\u0131r. Vergi Usul Kanunu kapsam\u0131nda belgelerin saklama y\u00fck\u00fcml\u00fcl\u00fc\u011f\u00fc m\u00fckellefe ait oldu\u011fu i\u00e7in de\u011fi\u015fiklikten \u00f6nce mevcut verilerin g\u00fcvenli \u015fekilde yedeklenmesi kritiktir.<\/p>\n\n\n\n<h2 class=\"wp-block-heading\"><span class=\"ez-toc-section\" id=\"E-Fatura_Entegrator_Degisikligi_Nasil_Yapilir\"><\/span>E-Fatura Entegrat\u00f6r De\u011fi\u015fikli\u011fi Nas\u0131l Yap\u0131l\u0131r?<span class=\"ez-toc-section-end\"><\/span><\/h2>\n\n\n\n<p>Entegrat\u00f6r de\u011fi\u015fikli\u011fi s\u00fcreci, yeni se\u00e7ilen \u00f6zel entegrat\u00f6r arac\u0131l\u0131\u011f\u0131yla ba\u015flat\u0131l\u0131r ve G\u0130B sisteminde gerekli tan\u0131mlamalar\u0131n g\u00fcncellenmesiyle tamamlan\u0131r. \u00d6ncelikle yeni entegrat\u00f6rle s\u00f6zle\u015fme yap\u0131l\u0131r. Ard\u0131ndan G\u0130B kullan\u0131c\u0131 hesab\u0131 \u00fczerinden entegrat\u00f6r bilgileri g\u00fcncellenir. Eski entegrat\u00f6rle olan hizmet s\u00f6zle\u015fmesi feshedilmeden \u00f6nce ge\u00e7i\u015f tarihi belirlenmelidir. S\u00fcre\u00e7 boyunca fatura g\u00f6nderim ve al\u0131m i\u015flemlerinde kesinti ya\u015fanmamas\u0131 i\u00e7in teknik planlama yap\u0131lmas\u0131 gerekir.&nbsp;Bununla beraber ge\u00e7mi\u015f faturalar\u0131n ar\u015fivlenmesi ve veri devri konular\u0131nda eski entegrat\u00f6rle gerekli i\u015flemler tamamlanmal\u0131d\u0131r.<\/p>\n\n\n\n<h2 class=\"wp-block-heading\"><span class=\"ez-toc-section\" id=\"E-Donusum_Yontemleri_Arasinda_Gecis_Islemleri\"><\/span>E-D\u00f6n\u00fc\u015f\u00fcm Y\u00f6ntemleri Aras\u0131nda Ge\u00e7i\u015f \u0130\u015flemleri<span class=\"ez-toc-section-end\"><\/span><\/h2>\n\n\n\n<p>E-d\u00f6n\u00fc\u015f\u00fcm uygulamalar\u0131nda\u00a0m\u00fckellefler G\u0130B&#8217;in sundu\u011fu y\u00f6ntemler aras\u0131nda ge\u00e7i\u015f yapabilir. G\u0130B Portal, do\u011frudan entegrasyon ve \u00f6zel entegrat\u00f6r modelleri aras\u0131nda tercih de\u011fi\u015fikli\u011fi m\u00fcmk\u00fcnd\u00fcr. Ancak bu ge\u00e7i\u015f i\u015flemleri teknik, hukuki ve operasyonel a\u00e7\u0131dan planl\u0131 y\u00fcr\u00fct\u00fclmelidir. \u00c7\u00fcnk\u00fc e-belge s\u00fcre\u00e7leri mali kay\u0131tlarla do\u011frudan ba\u011flant\u0131l\u0131d\u0131r ve herhangi bir kesinti, belge d\u00fczenleme ve iletim s\u00fcre\u00e7lerini etkileyebilir.<\/p>\n\n\n\n<p>A\u015fa\u011f\u0131da e-d\u00f6n\u00fc\u015f\u00fcm y\u00f6ntemlerinin ge\u00e7i\u015f i\u015flemlerini detayl\u0131ca bulabilirsiniz.&nbsp;<\/p>\n\n\n\n<h3 class=\"wp-block-heading\"><span class=\"ez-toc-section\" id=\"GIB_Portal_Yonteminden_Ozel_Entegrasyon_Yontemine_Gecis\"><\/span>G\u0130B Portal Y\u00f6nteminden \u00d6zel Entegrasyon Y\u00f6ntemine Ge\u00e7i\u015f<span class=\"ez-toc-section-end\"><\/span><\/h3>\n\n\n\n<p>G\u0130B Portal y\u00f6ntemini kullanan m\u00fckellefler, artan i\u015flem hacmi veya operasyonel kolayl\u0131k ihtiyac\u0131 nedeniyle \u00f6zel entegrat\u00f6r modeline ge\u00e7ebilir. G\u0130B Portal\u2019dan \u00f6zel entegrat\u00f6re ge\u00e7i\u015f yapmak isteyen m\u00fckellefler \u00f6ncelikle G\u0130B taraf\u0131ndan yetkilendirilmi\u015f bir \u00f6zel entegrat\u00f6rle s\u00f6zle\u015fme yapar. Ard\u0131ndan yeni entegrat\u00f6r m\u00fckellef ad\u0131na G\u0130B sisteminde kullan\u0131c\u0131 y\u00f6ntem de\u011fi\u015fikli\u011fi ba\u015flat\u0131r. Bu i\u015flem mali m\u00fch\u00fcrle veya e-imzayla onaylan\u0131r. Onay tamamland\u0131\u011f\u0131nda m\u00fckellefin e-fatura g\u00f6nderim ve al\u0131m kanal\u0131 entegrat\u00f6r sistemi olarak g\u00fcncellenebilir.<\/p>\n\n\n\n<h3 class=\"wp-block-heading\"><span class=\"ez-toc-section\" id=\"GIB_Portal_Yonteminden_Entegrasyon_Yontemine_Gecis\"><\/span>G\u0130B Portal Y\u00f6nteminden Entegrasyon Y\u00f6ntemine Ge\u00e7i\u015f<span class=\"ez-toc-section-end\"><\/span><\/h3>\n\n\n\n<p>G\u0130B Portal\u2019dan do\u011frudan entegrasyon y\u00f6ntemine ge\u00e7i\u015f teknik altyap\u0131s\u0131n\u0131 kendi b\u00fcnyesinde kurmak isteyen i\u015fletmeler&nbsp;taraf\u0131ndan s\u0131k\u00e7a tercih edilir. Firma, G\u0130B sistemine kendi yaz\u0131l\u0131m\u0131 \u00fczerinden ba\u011flan\u0131r ve gerekli teknik yeterlilikleri sa\u011flar. Ge\u00e7i\u015f karar\u0131 al\u0131nmadan \u00f6nce bilgi i\u015flem altyap\u0131s\u0131n\u0131n yeterlili\u011fi, g\u00fcvenlik \u00f6nlemleri ve sistem s\u00fcreklili\u011fi detayl\u0131 de\u011ferlendirilmelidir.&nbsp;<\/p>\n\n\n\n<p>Entegrasyon y\u00f6ntemine ge\u00e7i\u015fte G\u0130B taraf\u0131ndan belirlenen teknik test s\u00fcre\u00e7leri tamamlanmal\u0131d\u0131r. Test ortam\u0131nda ba\u015far\u0131l\u0131 sonu\u00e7 al\u0131nd\u0131ktan sonra canl\u0131 sisteme ge\u00e7i\u015f yap\u0131l\u0131r. Kullan\u0131c\u0131 y\u00f6ntemi G\u0130B sisteminde g\u00fcncellenir ve ba\u011flant\u0131 do\u011frudan i\u015fletmenin sunucular\u0131 \u00fczerinden sa\u011flan\u0131r. Ge\u00e7i\u015f s\u00fcrecinde&nbsp;IT ekibiyle muhasebe birimlerinin koordineli \u00e7al\u0131\u015fmas\u0131 \u00f6nemlidir. Do\u011fru planlama yap\u0131ld\u0131\u011f\u0131nda y\u00fcksek hacimli fatura i\u015flemleri daha otomatik ve kontroll\u00fc \u015fekilde y\u00fcr\u00fct\u00fclebilir.<\/p>\n\n\n\n<h3 class=\"wp-block-heading\"><span class=\"ez-toc-section\" id=\"Entegrasyon_Yonteminden_Ozel_Entegrasyon_Yontemine_Gecis\"><\/span>Entegrasyon Y\u00f6nteminden \u00d6zel Entegrasyon Y\u00f6ntemine Ge\u00e7i\u015f<span class=\"ez-toc-section-end\"><\/span><\/h3>\n\n\n\n<p>Do\u011frudan entegrasyon y\u00f6ntemini kullanan i\u015fletmeler teknik bak\u0131m y\u00fck\u00fcn\u00fc azaltmak amac\u0131yla \u00f6zel entegrat\u00f6r modeline ge\u00e7i\u015f yapabilir. Entegrasyon y\u00f6nteminde t\u00fcm teknik sorumluluk i\u015fletmeye ait oldu\u011fundan sistem g\u00fcncellemeleri ve mevzuat de\u011fi\u015fiklikleri yak\u0131ndan takip edilmelidir. Y\u00fck\u00fcn\u00fc azaltmak isteyen firmalar G\u0130B taraf\u0131ndan yetkilendirilmi\u015f bir \u00f6zel entegrat\u00f6rle anla\u015fma yaparak s\u00fcreci devredebilir.&nbsp;<\/p>\n\n\n\n<p>Do\u011frudan entegrasyondan \u00f6zel entegrat\u00f6re ge\u00e7i\u015fte ilk ad\u0131m yetkili bir entegrat\u00f6rle s\u00f6zle\u015fme yap\u0131lmas\u0131d\u0131r. Yeni entegrat\u00f6r, G\u0130B sisteminde m\u00fckellef ad\u0131na y\u00f6ntem de\u011fi\u015fikli\u011fi talebi olu\u015fturur. M\u00fckellef mali m\u00fch\u00fcrle veya e-imzayla bu talebi onaylar. Onay sonras\u0131 teknik ba\u011flant\u0131 entegrat\u00f6r sistemine y\u00f6nlendirilebilir.<\/p>\n\n\n\n<h3 class=\"wp-block-heading\"><span class=\"ez-toc-section\" id=\"Entegrasyon_Yonteminden_GIB_Portal_Yontemine_Gecis\"><\/span>Entegrasyon Y\u00f6nteminden G\u0130B Portal Y\u00f6ntemine Ge\u00e7i\u015f<span class=\"ez-toc-section-end\"><\/span><\/h3>\n\n\n\n<p>Entegrasyon y\u00f6nteminden G\u0130B Portal\u2019a ge\u00e7i\u015f genellikle i\u015flem hacmi azalan veya teknik altyap\u0131 maliyetlerini d\u00fc\u015f\u00fcrmek isteyen i\u015fletmeler taraf\u0131ndan de\u011ferlendirilebilir. Do\u011frudan entegrasyonda kurulu olan teknik ba\u011flant\u0131 sonland\u0131r\u0131lmadan \u00f6nce veri b\u00fct\u00fcnl\u00fc\u011f\u00fc kontrol edilmelidir. Mevcut ar\u015fivlerin yedeklenmesi ve sistem kay\u0131tlar\u0131n\u0131n saklanmas\u0131 m\u00fckellefin sorumlulu\u011fundad\u0131r.<\/p>\n\n\n\n<p>G\u0130B Portal&#8217;a&nbsp;ge\u00e7i\u015f i\u00e7in kullan\u0131c\u0131 y\u00f6ntemi G\u0130B sistemi \u00fczerinden g\u00fcncellenir ve mali m\u00fch\u00fcrle\/e-imzayla portal eri\u015fimi sa\u011flan\u0131r. Portal y\u00f6ntemi manuel i\u015flem gerektirdi\u011fi i\u00e7in ge\u00e7i\u015ften sonra fatura d\u00fczenleme s\u00fcre\u00e7leri yeniden planlanmal\u0131d\u0131r. Ge\u00e7i\u015ften sonra belge d\u00fczenleme s\u00fcre\u00e7leriyse portal \u00fczerinden y\u00fcr\u00fct\u00fclebilir.&nbsp;<\/p>\n\n\n\n<h3 class=\"wp-block-heading\"><span class=\"ez-toc-section\" id=\"Ozel_Entegrasyon_Yonteminden_GIB_Portal_Yontemine_Gecis\"><\/span>\u00d6zel Entegrasyon Y\u00f6nteminden G\u0130B Portal Y\u00f6ntemine Ge\u00e7i\u015f<span class=\"ez-toc-section-end\"><\/span><\/h3>\n\n\n\n<p>\u00d6zel entegrat\u00f6rle \u00e7al\u0131\u015fan m\u00fckellefler s\u00f6zle\u015fme sona erdi\u011finde veya i\u015flem hacmi d\u00fc\u015ft\u00fc\u011f\u00fcnde G\u0130B Portal y\u00f6ntemine ge\u00e7i\u015f yapabilir. \u00d6ncelikle mevcut entegrat\u00f6rle yap\u0131lacak s\u00f6zle\u015fmenin feshi ve ge\u00e7i\u015f tarihi&nbsp;belirlenmelidir.&nbsp;&nbsp;<\/p>\n\n\n\n<p>\u00d6zel entegrat\u00f6rle yap\u0131lan s\u00f6zle\u015fmenin feshi veya sonland\u0131r\u0131lmas\u0131 planlan\u0131r. Ard\u0131ndan entegrat\u00f6r \u00fczerinden G\u0130B sistemindeki y\u00f6ntem de\u011fi\u015fikli\u011fi ba\u015flat\u0131l\u0131r. M\u00fckellef kullan\u0131c\u0131 panelinde bu de\u011fi\u015fikli\u011fi onaylar. Onaydan sonra entegrat\u00f6r ba\u011flant\u0131s\u0131 kapat\u0131l\u0131r ve portal y\u00f6ntemi aktif h\u00e2le gelir. Portal eri\u015fimi sa\u011fland\u0131ktan sonra fatura d\u00fczenleme i\u015flemleri manuel olarak y\u00fcr\u00fct\u00fcl\u00fcr. Ge\u00e7i\u015f tarihi itibar\u0131yla yeni faturalar portal \u00fczerinden kesilmelidir.&nbsp;<\/p>\n\n\n\n<h3 class=\"wp-block-heading\"><span class=\"ez-toc-section\" id=\"Ozel_Entegrasyon_Yonteminden_Entegrasyon_Yontemine_Gecis\"><\/span>\u00d6zel Entegrasyon Y\u00f6nteminden Entegrasyon Y\u00f6ntemine Ge\u00e7i\u015f<span class=\"ez-toc-section-end\"><\/span><\/h3>\n\n\n\n<p>\u00d6zel entegrat\u00f6r modelinden do\u011frudan entegrasyon y\u00f6ntemine ge\u00e7i\u015f teknik altyap\u0131s\u0131n\u0131 kendi b\u00fcnyesinde kurmak isteyen i\u015fletmeler taraf\u0131ndan tercih edilebilir.&nbsp;Testler ba\u015far\u0131yla tamamland\u0131ktan sonra canl\u0131 sistem aktivasyonu ger\u00e7ekle\u015ftirilir. Ard\u0131ndan \u00f6zel entegrat\u00f6r ba\u011flant\u0131s\u0131 sonland\u0131r\u0131l\u0131r ve G\u0130B sisteminde y\u00f6ntem entegrasyon olarak g\u00fcncellenir.<\/p>\n\n\n\n<p>Sistem s\u00fcreklili\u011fi, g\u00fcvenlik ve mevzuat uyumu IT ekibi taraf\u0131ndan sa\u011flanmal\u0131d\u0131r. Do\u011fru planlamayla ge\u00e7i\u015f tamamland\u0131\u011f\u0131nda y\u00fcksek hacimli i\u015flemler i\u015fletmenin kendi altyap\u0131s\u0131 \u00fczerinden y\u00fcr\u00fct\u00fclebilir.<\/p>\n\n\n\n<h2 class=\"wp-block-heading\"><span class=\"ez-toc-section\" id=\"Mukellef_Teknolojiden_On_Muhasebe_Sureclerine_Tam_Destek\"><\/span>M\u00fckellef Teknoloji&#8217;den \u00d6n Muhasebe S\u00fcre\u00e7lerine Tam Destek!<span class=\"ez-toc-section-end\"><\/span><\/h2>\n\n\n\n<p>Bir M\u00fckellef Teknoloji \u00fcr\u00fcn\u00fc olan \u015firketinizin ihtiya\u00e7lar\u0131na\u00a0g\u00f6re ki\u015fiselle\u015ftirebilece\u011finiz \u00f6n muhasebe program\u0131 <a href=\"https:\/\/robom.com\/\" target=\"_blank\" rel=\"noreferrer noopener nofollow\">Robom<\/a> ile yasal s\u00fcre\u00e7lerinizi kolayla\u015ft\u0131rman\u0131z\u0131 sa\u011fl\u0131yoruz. <a href=\"https:\/\/robom.com\/deneme-surumu\/\" target=\"_blank\" rel=\"noreferrer noopener nofollow\">\u00dccretsiz deneme<\/a> s\u00fcr\u00fcm\u00fc sayesinde Robom&#8217;un \u00f6zel entegrat\u00f6r sistemini deneyimlemenize\u00a0ve finansal ad\u0131mlar\u0131n\u0131z\u0131 pratik h\u00e2le getirmenize yard\u0131mc\u0131 oluyoruz. Entegrat\u00f6r deste\u011fiyle karma\u015f\u0131k s\u00fcre\u00e7leri yapay zeka destekli \u00f6n muhasebe program\u0131m\u0131zla kolayla\u015ft\u0131r\u0131yoruz.\u00a0Hemen <a href=\"https:\/\/app.mukellef.co\/register\/\" target=\"_blank\" rel=\"noreferrer noopener nofollow\">\u00fcye olun<\/a>, M\u00fckellef&#8217;in avantajl\u0131 d\u00fcnyas\u0131na kat\u0131l\u0131n!<\/p>\n\n\n\n\t\t<!--HubSpot Call-to-Action Code -->\n\t\t<span class=\"hs-cta-wrapper\" id=\"hs-cta-wrapper-b8775fcc-262b-45dd-82cd-fac0dcd16225\">\n\t\t<span class=\"hs-cta-node hs-cta-b8775fcc-262b-45dd-82cd-fac0dcd16225\" id=\"b8775fcc-262b-45dd-82cd-fac0dcd16225\">\n\t\t<!--[if lte IE 8]>\n\t\t<div id=\"hs-cta-ie-element\"><\/div>\n\t\t<![endif]-->\n\t\t<a href=\"https:\/\/cta-redirect.hubspot.com\/cta\/redirect\/5318651\/b8775fcc-262b-45dd-82cd-fac0dcd16225\" target=\"_blank\" rel=\"noopener\">\n\t\t<img decoding=\"async\" class=\"hs-cta-img\" id=\"hs-cta-img-b8775fcc-262b-45dd-82cd-fac0dcd16225\" style=\"border-width:0px;\" src=\"https:\/\/no-cache.hubspot.com\/cta\/default\/5318651\/b8775fcc-262b-45dd-82cd-fac0dcd16225.png\" alt=\"New call-to-action\" title=\"\">\n\t\t<\/a>\n\t\t<\/span>\n\t\t<script charset=\"utf-8\" src=\"\/\/js.hubspot.com\/cta\/current.js\"><\/script>\n\t\t<script>\n\t\thbspt.cta.load(5318651, 'b8775fcc-262b-45dd-82cd-fac0dcd16225', {});\n\t\t<\/script>\n\t\t<\/span>\n\t\t<!-- end HubSpot Call-to-Action Code -->\n\t\t\n\n\n\n<h2 class=\"wp-block-heading\"><span class=\"ez-toc-section\" id=\"Sikca_Sorulan_Sorular\"><\/span>S\u0131k\u00e7a Sorulan Sorular<span class=\"ez-toc-section-end\"><\/span><\/h2>\n\n\n\n<p>E-fatura entegrat\u00f6r\u00fc hakk\u0131nda s\u0131k\u00e7a sorulan sorulara buradan ula\u015fabilirsiniz.<\/p>\n\n\n<div id=\"rank-math-faq\" class=\"rank-math-block\">\n<div class=\"rank-math-list \">\n<div id=\"faq-question-1774867582056\" class=\"rank-math-list-item\">\n<h3 class=\"rank-math-question \"><span class=\"ez-toc-section\" id=\"Entegrator_Degisikligi_Yaparken_Veri_Kaybi_Yasanir_mi\"><\/span>Entegrat\u00f6r De\u011fi\u015fikli\u011fi Yaparken Veri Kayb\u0131 Ya\u015fan\u0131r m\u0131?<span class=\"ez-toc-section-end\"><\/span><\/h3>\n<div class=\"rank-math-answer \">\n\n<p>Resm\u00ee mevzuata g\u00f6re e-fatura verilerinin saklanmas\u0131ndan m\u00fckellef sorumludur. 213 say\u0131l\u0131 Vergi Usul Kanunu ve e-Fatura Uygulama K\u0131lavuzu kapsam\u0131nda faturalar\u0131n yasal saklama s\u00fcresi boyunca (genel olarak 10 y\u0131l) muhafaza edilmesi gerekir. \u00d6zel entegrat\u00f6rler teknik saklama hizmeti sunsa da entegrat\u00f6r de\u011fi\u015fikli\u011finde eski sistemdeki verilerin yedeklenmesi ve ar\u015fivlenmesi m\u00fckellefin sorumlulu\u011fundad\u0131r. G\u0130B sistemi d\u00fczenlenen ve g\u00f6nderilen faturalar\u0131n kay\u0131tlar\u0131n\u0131 tutar. Ancak i\u015fletme kendi ar\u015fivini ayr\u0131ca korumal\u0131d\u0131r. Bu nedenle de\u011fi\u015fiklik \u00f6ncesinde mevcut faturalar\u0131n g\u00fcvenli \u015fekilde d\u0131\u015fa aktar\u0131lmas\u0131 olduk\u00e7a \u00f6nemlidir.<\/p>\n\n<\/div>\n<\/div>\n<div id=\"faq-question-1774867591323\" class=\"rank-math-list-item\">\n<h3 class=\"rank-math-question \"><span class=\"ez-toc-section\" id=\"Eski_Faturalarima_Yeni_Entegrator_Uzerinden_Ulasabilir_miyim\"><\/span>Eski Faturalar\u0131ma Yeni Entegrat\u00f6r \u00dczerinden Ula\u015fabilir miyim?<span class=\"ez-toc-section-end\"><\/span><\/h3>\n<div class=\"rank-math-answer \">\n\n<p>Yeni entegrat\u00f6r \u00f6nceki hizmet sa\u011flay\u0131c\u0131n\u0131n sisteminde saklanan verilere otomatik olarak eri\u015femez. \u00c7\u00fcnk\u00fc her \u00f6zel entegrat\u00f6r kendi altyap\u0131s\u0131 \u00fczerinden ar\u015fiv hizmeti sunar. G\u0130B sistemi \u00fczerinden fatura sorgulama yap\u0131labilse de ge\u00e7mi\u015f faturalar\u0131n yeni entegrat\u00f6r panelinde g\u00f6r\u00fcnt\u00fclenebilmesi i\u00e7in eski sistemden al\u0131nan ar\u015fiv dosyalar\u0131n\u0131n aktar\u0131lmas\u0131 gerekir. Bu aktar\u0131m teknik olarak m\u00fcmk\u00fcnd\u00fcr. Ancak s\u00fcre\u00e7 entegrat\u00f6rlerin sundu\u011fu hizmet kapsam\u0131na g\u00f6re de\u011fi\u015febilir. Dolay\u0131s\u0131yla ge\u00e7i\u015f s\u00fcrecinde verinin devredilmesi planl\u0131 \u015fekilde\u00a0y\u00fcr\u00fct\u00fclmelidir.<\/p>\n\n<\/div>\n<\/div>\n<div id=\"faq-question-1774867599976\" class=\"rank-math-list-item\">\n<h3 class=\"rank-math-question \"><span class=\"ez-toc-section\" id=\"Entegrator_Degisikligi_icin_GIBe_Bildirim_Yapmak_Gerekir_mi\"><\/span>Entegrat\u00f6r De\u011fi\u015fikli\u011fi i\u00e7in G\u0130B&#8217;e Bildirim Yapmak Gerekir mi?<span class=\"ez-toc-section-end\"><\/span><\/h3>\n<div class=\"rank-math-answer \">\n\n<p>Evet, G\u0130B e-Fatura uygulama esaslar\u0131na g\u00f6re \u00f6zel entegrat\u00f6r arac\u0131l\u0131\u011f\u0131yla hizmet alan m\u00fckelleflerin entegrat\u00f6r de\u011fi\u015fikli\u011fi durumunda G\u0130B sisteminde ilgili g\u00fcncellemeyi yapmas\u0131 gerekir.\u00a0\u0130lgili i\u015flem genellikle yeni entegrat\u00f6r arac\u0131l\u0131\u011f\u0131yla ba\u015flat\u0131l\u0131r ve m\u00fckellefin kullan\u0131c\u0131 hesab\u0131 \u00fczerinden onaylan\u0131r. De\u011fi\u015fiklik tamamlanmadan \u00f6nce eski entegrat\u00f6rle olan s\u00f6zle\u015fmenin sonland\u0131r\u0131lmas\u0131 ve ge\u00e7i\u015f tarihinin netle\u015ftirilmesi \u00f6nemlidir. S\u00fcrecin G\u0130B kay\u0131tlar\u0131nda do\u011fru g\u00fcncellenmesi fatura g\u00f6nderim ve al\u0131m i\u015flemlerinin kesintisiz devam etmesi a\u00e7\u0131s\u0131ndan da kritiktir.<\/p>\n\n<\/div>\n<\/div>\n<div id=\"faq-question-1774867609357\" class=\"rank-math-list-item\">\n<h3 class=\"rank-math-question \"><span class=\"ez-toc-section\" id=\"Entegrator_Secerken_Maliyet_mi_Yoksa_Teknik_Destek_mi_Oncelikli_Olmali\"><\/span>Entegrat\u00f6r Se\u00e7erken Maliyet mi Yoksa Teknik Destek mi \u00d6ncelikli Olmal\u0131?<span class=\"ez-toc-section-end\"><\/span><\/h3>\n<div class=\"rank-math-answer \">\n\n<p>G\u0130B taraf\u0131ndan yetkilendirilmi\u015f t\u00fcm \u00f6zel entegrat\u00f6rler teknik yeterlilik kriterlerini sa\u011flamak zorundad\u0131r.\u00a0\u00d6zel entegrat\u00f6rlerin hizmet kapsam\u0131 ve destek kalitesiyse firmaya g\u00f6re farkl\u0131l\u0131k g\u00f6sterebilir. \u00d6zellikle sistem kesintileri, g\u00fcncellemeler ve mevzuat de\u011fi\u015fikliklerinde h\u0131zl\u0131 teknik destek\u00a0olduk\u00e7a \u00f6nemlidir. Bu nedenle se\u00e7im s\u00fcrecinde hem fiyatland\u0131rma hem\u00a0teknik destek kapasitesi birlikte de\u011ferlendirilmelidir. Uzun vadeli kullan\u0131m a\u00e7\u0131s\u0131ndan s\u00fcrd\u00fcr\u00fclebilir hizmet kalitesi de \u00f6ncelikli kriterlerden biridir.<\/p>\n\n<\/div>\n<\/div>\n<\/div>\n<\/div>\n\n\n<h2 class=\"wp-block-heading\"><span class=\"ez-toc-section\" id=\"Yararlanilan_Kaynaklar\"><\/span>Yararlan\u0131lan Kaynaklar<span class=\"ez-toc-section-end\"><\/span><\/h2>\n\n\n\n<ul class=\"wp-block-list\">\n<li><a href=\"https:\/\/www.mevzuat.gov.tr\/mevzuat?MevzuatNo=213&amp;MevzuatTur=1&amp;MevzuatTertip=4\" target=\"_blank\" rel=\"noreferrer noopener nofollow\">https:\/\/www.mevzuat.gov.tr\/mevzuat?MevzuatNo=213&amp;MevzuatTur=1&amp;MevzuatTertip=4<\/a><\/li>\n\n\n\n<li><a href=\"https:\/\/ebelge.gib.gov.tr\/efaturaozelentegratorlerlistesi.html\" target=\"_blank\" rel=\"noreferrer noopener nofollow\">https:\/\/ebelge.gib.gov.tr\/efaturaozelentegratorlerlistesi.html<\/a><\/li>\n\n\n\n<li><a href=\"https:\/\/share.google\/Q0a10cyo8kQjmNYqy\" target=\"_blank\" rel=\"noreferrer noopener nofollow\">https:\/\/share.google\/Q0a10cyo8kQjmNYqy<\/a><\/li>\n\n\n\n<li><a href=\"https:\/\/forum.efatura.gov.tr\/view.php?id=4601\" target=\"_blank\" rel=\"noreferrer noopener nofollow\">https:\/\/forum.efatura.gov.tr\/view.php?id=4601<\/a><\/li>\n\n\n\n<li><a href=\"https:\/\/www.turmob.org.tr\/mevzuat\/Pdf\/19450\" target=\"_blank\" rel=\"noreferrer noopener nofollow\">https:\/\/www.turmob.org.tr\/mevzuat\/Pdf\/19450<\/a><\/li>\n<\/ul>\n","protected":false},"excerpt":{"rendered":"<p>Dijital belge s\u00fcre\u00e7lerini tek panel \u00fczerinden y\u00f6netmek, e-faturalar\u0131 g\u00fcvenli bi\u00e7imde olu\u015fturmak ve teknik altyap\u0131 kurmadan Gelir \u0130daresi Ba\u015fkanl\u0131\u011f\u0131 sistemine entegre olmak art\u0131k m\u00fcmk\u00fcn. \u0130\u015fletmelerin \u00f6zel entegrat\u00f6rlerle nas\u0131l \u00e7al\u0131\u015ft\u0131\u011f\u0131, bu firmalar\u0131n hangi hizmetleri sundu\u011fu ve se\u00e7im s\u00fcrecinde hangi kriterlerin dikkate al\u0131nmas\u0131 gerekti\u011fiyse ara\u015ft\u0131r\u0131lan konular aras\u0131nda.\u00a0Ba\u015fvuru s\u00fcrecinden teknik entegrasyona, veri g\u00fcvenli\u011finden destek hizmetlerine kadar pek \u00e7ok ba\u015fl\u0131\u011f\u0131 &#8230;<\/p>\n","protected":false},"author":29,"featured_media":12181,"comment_status":"open","ping_status":"open","sticky":false,"template":"","format":"standard","meta":{"content-type":"","inline_featured_image":false,"footnotes":""},"categories":[1804],"tags":[],"class_list":["post-12169","post","type-post","status-publish","format-standard","has-post-thumbnail","hentry","category-muhasebe"],"_links":{"self":[{"href":"https:\/\/mukellef.co\/blog\/wp-json\/wp\/v2\/posts\/12169","targetHints":{"allow":["GET"]}}],"collection":[{"href":"https:\/\/mukellef.co\/blog\/wp-json\/wp\/v2\/posts"}],"about":[{"href":"https:\/\/mukellef.co\/blog\/wp-json\/wp\/v2\/types\/post"}],"author":[{"embeddable":true,"href":"https:\/\/mukellef.co\/blog\/wp-json\/wp\/v2\/users\/29"}],"replies":[{"embeddable":true,"href":"https:\/\/mukellef.co\/blog\/wp-json\/wp\/v2\/comments?post=12169"}],"version-history":[{"count":3,"href":"https:\/\/mukellef.co\/blog\/wp-json\/wp\/v2\/posts\/12169\/revisions"}],"predecessor-version":[{"id":12219,"href":"https:\/\/mukellef.co\/blog\/wp-json\/wp\/v2\/posts\/12169\/revisions\/12219"}],"wp:featuredmedia":[{"embeddable":true,"href":"https:\/\/mukellef.co\/blog\/wp-json\/wp\/v2\/media\/12181"}],"wp:attachment":[{"href":"https:\/\/mukellef.co\/blog\/wp-json\/wp\/v2\/media?parent=12169"}],"wp:term":[{"taxonomy":"category","embeddable":true,"href":"https:\/\/mukellef.co\/blog\/wp-json\/wp\/v2\/categories?post=12169"},{"taxonomy":"post_tag","embeddable":true,"href":"https:\/\/mukellef.co\/blog\/wp-json\/wp\/v2\/tags?post=12169"}],"curies":[{"name":"wp","href":"https:\/\/api.w.org\/{rel}","templated":true}]}}