{"id":1242,"date":"2022-01-03T12:47:00","date_gmt":"2022-01-03T09:47:00","guid":{"rendered":"http:\/\/mukellef.co\/blog\/?p=1242"},"modified":"2026-01-12T15:29:07","modified_gmt":"2026-01-12T12:29:07","slug":"sosyal-medyadan-satis","status":"publish","type":"post","link":"https:\/\/mukellef.co\/blog\/sosyal-medyadan-satis\/","title":{"rendered":"Sosyal Medyadan Sat\u0131\u015f Yapanlar\u0131n Bilmesi Gerekenler"},"content":{"rendered":"\n<p>Kullan\u0131c\u0131lar \u00f6zellikler son zamanlarda sosyal medya \u00fczerinden bolca sat\u0131\u015f yapmaya ve \u00fcr\u00fcn tan\u0131tmaya ba\u015flad\u0131lar. Sosyal medyada yap\u0131lan bu sat\u0131\u015flar\u0131n ard\u0131ndan e-Ticarette yeni bir terim olu\u015ftu; sosyal e-ticaret. Ancak, bu mecralarda sat\u0131\u015f ve al\u0131\u015fveri\u015f yapanlar\u0131n akl\u0131ndaki soru i\u015faretlerinden biri sat\u0131\u015f\u0131n yasal olup olmad\u0131\u011f\u0131 ve vergi konusudur. Bu yaz\u0131m\u0131zda sizler i\u00e7in sosyal medyadan sat\u0131\u015f yapanlar\u0131n bilmesi gerekenleri inceleyece\u011fiz.<\/p>\n\n\n\n<div id=\"ez-toc-container\" class=\"ez-toc-v2_0_82_2 counter-hierarchy ez-toc-counter ez-toc-white ez-toc-container-direction\">\n<div class=\"ez-toc-title-container\">\n<p class=\"ez-toc-title ez-toc-toggle\" style=\"cursor:pointer\">\u0130\u00e7indekiler<\/p>\n<span class=\"ez-toc-title-toggle\"><a href=\"#\" class=\"ez-toc-pull-right ez-toc-btn ez-toc-btn-xs ez-toc-btn-default ez-toc-toggle\" aria-label=\"\u0130\u00e7indekiler Tablosunu A\u00e7\/Kapat\"><span class=\"ez-toc-js-icon-con\"><span class=\"\"><span class=\"eztoc-hide\" style=\"display:none;\">Toggle<\/span><span class=\"ez-toc-icon-toggle-span\"><svg style=\"fill: #999;color:#999\" xmlns=\"http:\/\/www.w3.org\/2000\/svg\" class=\"list-377408\" width=\"20px\" height=\"20px\" viewBox=\"0 0 24 24\" fill=\"none\"><path d=\"M6 6H4v2h2V6zm14 0H8v2h12V6zM4 11h2v2H4v-2zm16 0H8v2h12v-2zM4 16h2v2H4v-2zm16 0H8v2h12v-2z\" fill=\"currentColor\"><\/path><\/svg><svg style=\"fill: #999;color:#999\" class=\"arrow-unsorted-368013\" xmlns=\"http:\/\/www.w3.org\/2000\/svg\" width=\"10px\" height=\"10px\" viewBox=\"0 0 24 24\" version=\"1.2\" baseProfile=\"tiny\"><path d=\"M18.2 9.3l-6.2-6.3-6.2 6.3c-.2.2-.3.4-.3.7s.1.5.3.7c.2.2.4.3.7.3h11c.3 0 .5-.1.7-.3.2-.2.3-.5.3-.7s-.1-.5-.3-.7zM5.8 14.7l6.2 6.3 6.2-6.3c.2-.2.3-.5.3-.7s-.1-.5-.3-.7c-.2-.2-.4-.3-.7-.3h-11c-.3 0-.5.1-.7.3-.2.2-.3.5-.3.7s.1.5.3.7z\"\/><\/svg><\/span><\/span><\/span><\/a><\/span><\/div>\n<nav><ul class='ez-toc-list ez-toc-list-level-1 eztoc-toggle-hide-by-default' ><li class='ez-toc-page-1 ez-toc-heading-level-2'><a class=\"ez-toc-link ez-toc-heading-1\" href=\"https:\/\/mukellef.co\/blog\/sosyal-medyadan-satis\/#Sosyal_Medyadan_Satis_Yaparken_Nelere_Dikkat_Edilmeli\" >Sosyal Medyadan Sat\u0131\u015f Yaparken Nelere Dikkat Edilmeli?<\/a><ul class='ez-toc-list-level-3' ><li class='ez-toc-heading-level-3'><a class=\"ez-toc-link ez-toc-heading-2\" href=\"https:\/\/mukellef.co\/blog\/sosyal-medyadan-satis\/#Sosyal_Medya_Satislarinda_Fatura_Kesmek\" >Sosyal Medya Sat\u0131\u015flar\u0131nda Fatura Kesmek<\/a><\/li><li class='ez-toc-page-1 ez-toc-heading-level-3'><a class=\"ez-toc-link ez-toc-heading-3\" href=\"https:\/\/mukellef.co\/blog\/sosyal-medyadan-satis\/#Satis_Sozlesmesi_Iletmek\" >Sat\u0131\u015f S\u00f6zle\u015fmesi \u0130letmek<\/a><\/li><li class='ez-toc-page-1 ez-toc-heading-level-3'><a class=\"ez-toc-link ez-toc-heading-4\" href=\"https:\/\/mukellef.co\/blog\/sosyal-medyadan-satis\/#Musteriyi_Bilgilendirmek\" >M\u00fc\u015fteriyi Bilgilendirmek<\/a><\/li><li class='ez-toc-page-1 ez-toc-heading-level-3'><a class=\"ez-toc-link ez-toc-heading-5\" href=\"https:\/\/mukellef.co\/blog\/sosyal-medyadan-satis\/#Sosyal_Medya_Satislarinda_Urun_Iade_Sureci\" >Sosyal Medya Sat\u0131\u015flar\u0131nda \u00dcr\u00fcn \u0130ade S\u00fcreci<\/a><\/li><\/ul><\/li><li class='ez-toc-page-1 ez-toc-heading-level-2'><a class=\"ez-toc-link ez-toc-heading-6\" href=\"https:\/\/mukellef.co\/blog\/sosyal-medyadan-satis\/#Sosyal_Medyadan_Satis_Yapanlar_Vergi_Vermeli_mi\" >Sosyal Medyadan Sat\u0131\u015f Yapanlar Vergi Vermeli mi?<\/a><\/li><li class='ez-toc-page-1 ez-toc-heading-level-2'><a class=\"ez-toc-link ez-toc-heading-7\" href=\"https:\/\/mukellef.co\/blog\/sosyal-medyadan-satis\/#Sosyal_Medyadan_Satis_Yapanlar_Ne_Kadar_Vergi_Verecek\" >Sosyal Medyadan Sat\u0131\u015f Yapanlar Ne Kadar Vergi Verecek?<\/a><\/li><li class='ez-toc-page-1 ez-toc-heading-level-2'><a class=\"ez-toc-link ez-toc-heading-8\" href=\"https:\/\/mukellef.co\/blog\/sosyal-medyadan-satis\/#Sosyal_Medya_Satislarinizi_Mukellef_ile_Artirin\" >Sosyal Medya Sat\u0131\u015flar\u0131n\u0131z\u0131 M\u00fckellef ile Art\u0131r\u0131n!<\/a><\/li><\/ul><\/nav><\/div>\n<h2 class=\"wp-block-heading\"><span class=\"ez-toc-section\" id=\"Sosyal_Medyadan_Satis_Yaparken_Nelere_Dikkat_Edilmeli\"><\/span>Sosyal Medyadan Sat\u0131\u015f Yaparken Nelere Dikkat Edilmeli?<span class=\"ez-toc-section-end\"><\/span><\/h2>\n\n\n\n<p>Sosyal medyadan sat\u0131\u015f yapmak farkl\u0131 m\u00fc\u015fteri kitlelerine ula\u015f\u0131m\u0131 kolayla\u015ft\u0131rsa da s\u00fcre\u00e7 boyunca sat\u0131c\u0131lar\u0131n bu konuda dikkat etmesi gereken baz\u0131 unsurlar vard\u0131r. Dikkat edilmesi gereken bu unsurlar:<\/p>\n\n\n\n<ol class=\"wp-block-list\">\n<li>Sosyal medya sat\u0131\u015flar\u0131nda fatura kesmek<\/li>\n\n\n\n<li>Sat\u0131\u015f s\u00f6zle\u015fmesi iletmek<\/li>\n\n\n\n<li>M\u00fc\u015fteriyi bilgilendirmek<\/li>\n\n\n\n<li>Sosyal medya sat\u0131\u015flar\u0131nda \u00fcr\u00fcn iade s\u00fcreci<\/li>\n<\/ol>\n\n\n<div class=\"wp-block-image\">\n<figure class=\"aligncenter size-full\"><img decoding=\"async\" width=\"1000\" height=\"638\" src=\"https:\/\/mukellef.co\/blog\/wp-content\/uploads\/2024\/04\/sosyal-medyadan-satis.jpg\" alt=\"sosyal medyadan sat\u0131\u015f\" class=\"wp-image-7152\" title=\"\" srcset=\"https:\/\/mukellef.co\/blog\/wp-content\/uploads\/2024\/04\/sosyal-medyadan-satis.jpg 1000w, https:\/\/mukellef.co\/blog\/wp-content\/uploads\/2024\/04\/sosyal-medyadan-satis-300x191.jpg 300w, https:\/\/mukellef.co\/blog\/wp-content\/uploads\/2024\/04\/sosyal-medyadan-satis-768x490.jpg 768w\" sizes=\"(max-width: 1000px) 100vw, 1000px\" \/><\/figure>\n<\/div>\n\n\n<h3 class=\"wp-block-heading\"><span class=\"ez-toc-section\" id=\"Sosyal_Medya_Satislarinda_Fatura_Kesmek\"><\/span>Sosyal Medya Sat\u0131\u015flar\u0131nda Fatura Kesmek<span class=\"ez-toc-section-end\"><\/span><\/h3>\n\n\n\n<p>Ger\u00e7ekle\u015ftirilen her sat\u0131\u015f i\u00e7in fatura kesme zorunlulu\u011fu bulunmaz. Ancak <a href=\"https:\/\/mukellef.co\/blog\/internette-satislarinda-fatura-kesmeme-sakincasi\/\">internet sat\u0131\u015flar\u0131nda fatura kesilmemesi<\/a> m\u00fc\u015fteride yasal bir \u015firket olmad\u0131\u011f\u0131n\u0131z\u0131 hissettirebilir. Bundan dolay\u0131 m\u00fc\u015fteri vergi dairesine sat\u0131\u015f yapan ki\u015fiyi \u015fikayet edebilir. Bu gibi durumlarda vergi dairesi yetkilileri ki\u015finin adresine gelerek \u015firket belgelerini isteyebilir. \u0130stenen belgelerin sa\u011flanamamas\u0131 durumunda sat\u0131\u015f\u0131 yapan ki\u015fiye yapt\u0131\u011f\u0131 t\u00fcm sat\u0131\u015flar \u00fczerinden ceza uygulan\u0131r. Ayr\u0131ca yine sat\u0131\u015f\u0131 yapan ki\u015fiye vergi ka\u00e7\u0131rma su\u00e7undan cezai i\u015flem ger\u00e7ekle\u015ftirilir. <\/p>\n\n\n\n<h3 class=\"wp-block-heading\"><span class=\"ez-toc-section\" id=\"Satis_Sozlesmesi_Iletmek\"><\/span>Sat\u0131\u015f S\u00f6zle\u015fmesi \u0130letmek<span class=\"ez-toc-section-end\"><\/span><\/h3>\n\n\n\n<p>Sosyal medya arac\u0131l\u0131\u011f\u0131yla yap\u0131lan sat\u0131\u015flarda sat\u0131\u015f \u00f6ncesi m\u00fc\u015fteriye bir sat\u0131\u015f s\u00f6zle\u015fmesi iletilmesi gerekir. Bu s\u00f6zle\u015fmede; \u00fcr\u00fcn\u00fcn ka\u00e7 g\u00fcnde m\u00fc\u015fteriye ula\u015faca\u011f\u0131 ve kargo masraf\u0131n\u0131n kime yans\u0131t\u0131laca\u011f\u0131 gibi sat\u0131\u015f\u0131n detaylar\u0131na yer vermek gerekir.<\/p>\n\n\n\n<h3 class=\"wp-block-heading\"><span class=\"ez-toc-section\" id=\"Musteriyi_Bilgilendirmek\"><\/span>M\u00fc\u015fteriyi Bilgilendirmek<span class=\"ez-toc-section-end\"><\/span><\/h3>\n\n\n\n<p>Sat\u0131\u015f\u0131n nereden yap\u0131ld\u0131\u011f\u0131na bak\u0131lmaks\u0131z\u0131n at\u0131lan her ad\u0131m\u0131n yasalara uygun at\u0131lmas\u0131 gerekir. Bu da m\u00fc\u015fterinin tam olarak bilgilendirilmesi anlam\u0131na gelir. \u00dcr\u00fcn\u00fcn fiyat\u0131, vergi miktar\u0131, kargo s\u00fcresi ve \u00fccreti gibi sat\u0131\u015fla alakal\u0131 her detay\u0131n m\u00fc\u015fteriyle payla\u015f\u0131lmas\u0131 gerekir.<\/p>\n\n\n\n<h3 class=\"wp-block-heading\"><span class=\"ez-toc-section\" id=\"Sosyal_Medya_Satislarinda_Urun_Iade_Sureci\"><\/span>Sosyal Medya Sat\u0131\u015flar\u0131nda \u00dcr\u00fcn \u0130ade S\u00fcreci<span class=\"ez-toc-section-end\"><\/span><\/h3>\n\n\n\n<p>Sosyal medyada sat\u0131\u015f yapan baz\u0131 hesaplar \u00fcr\u00fcn iadesi kabul etmediklerini ifade ederler. Ancak bu temelsiz ve yasaya ayk\u0131r\u0131d\u0131r. T\u00fcketicinin yasalara g\u00f6re 14 g\u00fcn i\u00e7inde herhangi bir gerek\u00e7e g\u00f6stermeden ve cezai \u015fart \u00f6demeden \u00fcr\u00fcn\u00fc iade etme hakk\u0131 vard\u0131r. Yasalar\u0131n d\u0131\u015f\u0131na \u00e7\u0131kmak istemeyen her sat\u0131c\u0131 da bu kurala riayet etmek zorundad\u0131r. T\u00fcketici \u00fcr\u00fcn\u00fc iade etmek isterse 10 g\u00fcn i\u00e7inde sat\u0131c\u0131n\u0131n belirtti\u011fi kargo firmas\u0131yla \u00fccretsiz olarak sat\u0131c\u0131ya g\u00f6ndermesi gerekir. Sat\u0131c\u0131 ise 14 g\u00fcn i\u00e7inde \u00fcr\u00fcn bedelinin tamam\u0131n\u0131 iade etmesi gerekir. Bu kurallara uyulmad\u0131\u011f\u0131 durumlarda m\u00fc\u015fterinin \u015fik\u00e2yet hakk\u0131 do\u011fmaktad\u0131r. Sat\u0131n al\u0131nan \u00fcr\u00fcn\u00fcn de\u011feri 253.000 TL\u2019nin \u00fczerinde ise T\u00fcketici Mahkemesi&#8217;ne ba\u015fvurmak gerekir. Ancak \u00fcr\u00fcn de\u011feri 253.000 TL\u2019nin alt\u0131nda ise T\u00fcketici Hakem Heyeti&#8217;ne gitmek gerekir.&nbsp;<\/p>\n\n\n\n<p>\u0130ade s\u00fcre\u00e7leri ba\u015fl\u0131 ba\u015f\u0131na operasyonel g\u00fc\u00e7 gerektiren bir konudur ve firmalar i\u00e7in ekstra maliyete ve zaman kayb\u0131na yol a\u00e7abilir.&nbsp;<a class=\"\" href=\"https:\/\/www.oplog.io\/tr\/?utm_campaign=blog-backlink&amp;utm_source=mukellef&amp;utm_medium=referral\" target=\"_blank\" rel=\"noopener\">OPLOG<\/a>&nbsp;sundu\u011fu fulfillment hizmeti sayesinde hem e-ticaret lojisti\u011fi operasyonlar\u0131n\u0131z\u0131 hem de iade s\u00fcre\u00e7lerinizi sizin i\u00e7in y\u00f6netir. \u0130adelerin kontrol\u00fc, tekrar sat\u0131labilir \u00fcr\u00fcnlerin ayr\u0131\u015ft\u0131r\u0131larak stoklara eklenmesi ve stoklar\u0131n g\u00fcncellenmesi gibi t\u00fcm konular\u0131&nbsp;<a class=\"\" href=\"https:\/\/www.oplog.io\/tr\/?utm_campaign=blog-backlink&amp;utm_source=mukellef&amp;utm_medium=referral\" target=\"_blank\" rel=\"noopener\">OPLOG<\/a>&nbsp;\u00fcstlenirken, siz de s\u00fcrecin tamam\u0131n\u0131 OPLOG-ONE \u00fczerinden takip edebilirsiniz.<\/p>\n\n\n\n<h2 class=\"wp-block-heading\"><span class=\"ez-toc-section\" id=\"Sosyal_Medyadan_Satis_Yapanlar_Vergi_Vermeli_mi\"><\/span>Sosyal Medyadan Sat\u0131\u015f Yapanlar Vergi Vermeli mi?<span class=\"ez-toc-section-end\"><\/span><\/h2>\n\n\n\n<p>Y\u00fcz y\u00fcze olarak yap\u0131lan her sat\u0131\u015fta oldu\u011fu gibi sosyal medya sat\u0131\u015flar\u0131nda da sat\u0131c\u0131, elde etti\u011fi gelir \u00fczerinden vergi vermekle y\u00fck\u00fcml\u00fcd\u00fcr. Sosyal medyada \u00fcr\u00fcn sat\u0131p bir kazan\u00e7 elde eden herkes art\u0131k bu sat\u0131\u015f\u0131 faturaland\u0131rmak ve vergisini \u00f6demek durumundad\u0131r. Sosyal medyadan sat\u0131\u015flar i\u00e7in vergi m\u00fckellefi olmak ve fatura kesmek sizin yarar\u0131n\u0131za olur. Bu sayede yasalar gere\u011fi ceza almaktan kurtulur ve m\u00fc\u015fterilerinizle kar\u015f\u0131l\u0131kl\u0131 g\u00fcven sorunu ya\u015famazs\u0131n\u0131z.&nbsp;<\/p>\n\n\n\n\t\t<!--HubSpot Call-to-Action Code -->\n\t\t<span class=\"hs-cta-wrapper\" id=\"hs-cta-wrapper-914ee59c-f9be-41d2-9a32-ca2b1f2f0cff\">\n\t\t<span class=\"hs-cta-node hs-cta-914ee59c-f9be-41d2-9a32-ca2b1f2f0cff\" id=\"914ee59c-f9be-41d2-9a32-ca2b1f2f0cff\">\n\t\t<!--[if lte IE 8]>\n\t\t<div id=\"hs-cta-ie-element\"><\/div>\n\t\t<![endif]-->\n\t\t<a href=\"https:\/\/cta-redirect.hubspot.com\/cta\/redirect\/5318651\/914ee59c-f9be-41d2-9a32-ca2b1f2f0cff\" target=\"_blank\" rel=\"noopener\">\n\t\t<img decoding=\"async\" class=\"hs-cta-img\" id=\"hs-cta-img-914ee59c-f9be-41d2-9a32-ca2b1f2f0cff\" style=\"border-width:0px;\" src=\"https:\/\/no-cache.hubspot.com\/cta\/default\/5318651\/914ee59c-f9be-41d2-9a32-ca2b1f2f0cff.png\" alt=\"New call-to-action\" title=\"\">\n\t\t<\/a>\n\t\t<\/span>\n\t\t<script charset=\"utf-8\" src=\"\/\/js.hubspot.com\/cta\/current.js\"><\/script>\n\t\t<script>\n\t\thbspt.cta.load(5318651, '914ee59c-f9be-41d2-9a32-ca2b1f2f0cff', {});\n\t\t<\/script>\n\t\t<\/span>\n\t\t<!-- end HubSpot Call-to-Action Code -->\n\t\t\n\n\n\n<h2 class=\"wp-block-heading\"><span class=\"ez-toc-section\" id=\"Sosyal_Medyadan_Satis_Yapanlar_Ne_Kadar_Vergi_Verecek\"><\/span>Sosyal Medyadan Sat\u0131\u015f Yapanlar Ne Kadar Vergi Verecek?<span class=\"ez-toc-section-end\"><\/span><\/h2>\n\n\n\n<p>\u00dclkemizde &#8216;influencer&#8217; say\u0131s\u0131 g\u00fcn ge\u00e7tik\u00e7e art\u0131yor. Baz\u0131 influencerlar sosyal medyadan ek gelir kazan\u0131rken baz\u0131lar\u0131 da ge\u00e7imlerini tamamen buradan sa\u011fl\u0131yor. Durum b\u00f6yle olunca bu ki\u015filer i\u00e7in yeni vergiler a\u00e7\u0131kland\u0131. Resmi gazetede yay\u0131nlanan d\u00fczenlemeye g\u00f6re sosyal medyadan gelir sa\u011flayanlar\u0131n %15\u2019lik bir gelir vergisi \u00f6demesi gerekiyor. Vergi, sosyal medyadan 2026 y\u0131l\u0131 i\u00e7in 5.300.000 TL\u2019nin alt\u0131nda para kazanan herkesten %15 oran\u0131nda al\u0131nacak.<\/p>\n\n\n\n<ul class=\"wp-block-list\">\n<li>S\u00f6z konusu reklam, sponsorluk vb. gelirler <strong>istisna limitinin alt\u0131nda kal\u0131yorsa sadece %15 stopaj uygulan\u0131r<\/strong>; limit a\u015f\u0131l\u0131rsa kalan tutar i\u00e7in normal gelir vergisi devreye girer. Yani 2026\u2019da <strong>\u00f6zel bir reklam vergisi<\/strong> gibi ek bir vergi mevcut <strong>de\u011fildir<\/strong>.<\/li>\n\n\n\n<li>Defter tutma zorunlulu\u011fu olmayacak.<\/li>\n\n\n\n<li>Google ya da YouTube taraf\u0131ndan \u00f6deme yap\u0131lanlardan bu \u00f6demenin vergisi normal istisna sistemi i\u00e7inde <strong>gelir t\u00fcr\u00fcne g\u00f6re de\u011ferlendirme<\/strong> yap\u0131l\u0131r.<\/li>\n<\/ul>\n\n\n\n<p>Bu vergilendirmelerin takip edilebilmesi i\u00e7in Dijital Vergi Dairesi\u2019nin de kurulaca\u011f\u0131n\u0131 belirtmek gerekir.&nbsp;<\/p>\n\n\n\n<h2 class=\"wp-block-heading\"><span class=\"ez-toc-section\" id=\"Sosyal_Medya_Satislarinizi_Mukellef_ile_Artirin\"><\/span>Sosyal Medya Sat\u0131\u015flar\u0131n\u0131z\u0131 M\u00fckellef ile Art\u0131r\u0131n!<span class=\"ez-toc-section-end\"><\/span><\/h2>\n\n\n\n<p>Siz de sosyal medya \u00fczerinden sat\u0131\u015f yapmak istiyorsan\u0131z; sat\u0131\u015f i\u015flemleri, vergilendirme, fatura gibi detaylar\u0131 M\u00fckellef arac\u0131l\u0131\u011f\u0131yla kolayca tamamlayabilirsiniz. M\u00fckellef ile finansal s\u00fcre\u00e7lere daha az zaman ay\u0131r\u0131p i\u015finizi b\u00fcy\u00fctmeye odaklanabilir, ayr\u0131ca yeni yasa ile \u00e7\u0131kan vergi muafiyetleri gibi uyum sa\u011flad\u0131\u011f\u0131n\u0131z t\u00fcm f\u0131rsatlar\u0131 yakalayabilirsiniz. Sosyal medyada sat\u0131\u015f yap\u0131yor ya da sat\u0131\u015f yapmaya ba\u015flamak istiyorsan\u0131z, <a href=\"https:\/\/mukellef.co\/\" target=\"_blank\" rel=\"noreferrer noopener\">M\u00fckellef<\/a> ekibinden konu hakk\u0131nda an\u0131nda profesyonel destek alabilirsiniz.<\/p>\n\n\n\n\t\t<!--HubSpot Call-to-Action Code -->\n\t\t<span class=\"hs-cta-wrapper\" id=\"hs-cta-wrapper-b66fc90d-3b02-45da-9951-e8458a98254b\">\n\t\t<span class=\"hs-cta-node hs-cta-b66fc90d-3b02-45da-9951-e8458a98254b\" id=\"b66fc90d-3b02-45da-9951-e8458a98254b\">\n\t\t<!--[if lte IE 8]>\n\t\t<div id=\"hs-cta-ie-element\"><\/div>\n\t\t<![endif]-->\n\t\t<a href=\"https:\/\/cta-redirect.hubspot.com\/cta\/redirect\/5318651\/b66fc90d-3b02-45da-9951-e8458a98254b\" target=\"_blank\" rel=\"noopener\">\n\t\t<img decoding=\"async\" class=\"hs-cta-img\" id=\"hs-cta-img-b66fc90d-3b02-45da-9951-e8458a98254b\" style=\"border-width:0px;\" src=\"https:\/\/no-cache.hubspot.com\/cta\/default\/5318651\/b66fc90d-3b02-45da-9951-e8458a98254b.png\" alt=\"New call-to-action\" title=\"\">\n\t\t<\/a>\n\t\t<\/span>\n\t\t<script charset=\"utf-8\" src=\"\/\/js.hubspot.com\/cta\/current.js\"><\/script>\n\t\t<script>\n\t\thbspt.cta.load(5318651, 'b66fc90d-3b02-45da-9951-e8458a98254b', {});\n\t\t<\/script>\n\t\t<\/span>\n\t\t<!-- end HubSpot Call-to-Action Code -->\n\t\t\n","protected":false},"excerpt":{"rendered":"<p>Kullan\u0131c\u0131lar \u00f6zellikler son zamanlarda sosyal medya \u00fczerinden bolca sat\u0131\u015f yapmaya ve \u00fcr\u00fcn tan\u0131tmaya ba\u015flad\u0131lar. Sosyal medyada yap\u0131lan bu sat\u0131\u015flar\u0131n ard\u0131ndan e-Ticarette yeni bir terim olu\u015ftu; sosyal e-ticaret. Ancak, bu mecralarda sat\u0131\u015f ve al\u0131\u015fveri\u015f yapanlar\u0131n akl\u0131ndaki soru i\u015faretlerinden biri sat\u0131\u015f\u0131n yasal olup olmad\u0131\u011f\u0131 ve vergi konusudur. Bu yaz\u0131m\u0131zda sizler i\u00e7in sosyal medyadan sat\u0131\u015f yapanlar\u0131n bilmesi gerekenleri &#8230;<\/p>\n","protected":false},"author":3,"featured_media":7297,"comment_status":"open","ping_status":"open","sticky":false,"template":"","format":"standard","meta":{"content-type":"","inline_featured_image":false,"footnotes":""},"categories":[30],"tags":[],"class_list":["post-1242","post","type-post","status-publish","format-standard","has-post-thumbnail","hentry","category-vergisel-konular"],"_links":{"self":[{"href":"https:\/\/mukellef.co\/blog\/wp-json\/wp\/v2\/posts\/1242","targetHints":{"allow":["GET"]}}],"collection":[{"href":"https:\/\/mukellef.co\/blog\/wp-json\/wp\/v2\/posts"}],"about":[{"href":"https:\/\/mukellef.co\/blog\/wp-json\/wp\/v2\/types\/post"}],"author":[{"embeddable":true,"href":"https:\/\/mukellef.co\/blog\/wp-json\/wp\/v2\/users\/3"}],"replies":[{"embeddable":true,"href":"https:\/\/mukellef.co\/blog\/wp-json\/wp\/v2\/comments?post=1242"}],"version-history":[{"count":4,"href":"https:\/\/mukellef.co\/blog\/wp-json\/wp\/v2\/posts\/1242\/revisions"}],"predecessor-version":[{"id":11827,"href":"https:\/\/mukellef.co\/blog\/wp-json\/wp\/v2\/posts\/1242\/revisions\/11827"}],"wp:featuredmedia":[{"embeddable":true,"href":"https:\/\/mukellef.co\/blog\/wp-json\/wp\/v2\/media\/7297"}],"wp:attachment":[{"href":"https:\/\/mukellef.co\/blog\/wp-json\/wp\/v2\/media?parent=1242"}],"wp:term":[{"taxonomy":"category","embeddable":true,"href":"https:\/\/mukellef.co\/blog\/wp-json\/wp\/v2\/categories?post=1242"},{"taxonomy":"post_tag","embeddable":true,"href":"https:\/\/mukellef.co\/blog\/wp-json\/wp\/v2\/tags?post=1242"}],"curies":[{"name":"wp","href":"https:\/\/api.w.org\/{rel}","templated":true}]}}