{"id":4206,"date":"2022-03-17T10:00:00","date_gmt":"2022-03-17T07:00:00","guid":{"rendered":"https:\/\/mukellef.co\/blog\/?p=4206"},"modified":"2024-08-08T14:44:17","modified_gmt":"2024-08-08T11:44:17","slug":"sirketinize-hukuk-destegi-almaniz-3-neden","status":"publish","type":"post","link":"https:\/\/mukellef.co\/blog\/sirketinize-hukuk-destegi-almaniz-3-neden\/","title":{"rendered":"\u015eirketinize Hukuk Deste\u011fi Alman\u0131z i\u00e7in 3 Neden"},"content":{"rendered":"\n<p>\u015eirketler, kurulu\u015flar\u0131ndan itibaren t\u00fcm s\u00fcre\u00e7 boyunca hukuk ile i\u00e7 i\u00e7e faaliyet g\u00f6sterirler. \u015eirketler \u00e7e\u015fitli mevzuat h\u00fck\u00fcmlerine tabidir. Bu do\u011frultuda bir \u015firketin yapt\u0131\u011f\u0131 s\u00f6zle\u015fme h\u00fck\u00fcmlerinin hukuki \u00e7er\u00e7evede olmas\u0131 gerekir. Aksi halde ciddi zararlar ile kar\u015f\u0131la\u015f\u0131l\u0131r. Bu noktada \u015firket i\u00e7in hukuk deste\u011fi almak son derece \u00f6nemlidir. Peki, \u015firketinize hukuk deste\u011fi neden almal\u0131s\u0131n\u0131z? Hukuk deste\u011fi almak size hangi avantajlar\u0131 sa\u011flar?<\/p>\n\n\n\n<div id=\"ez-toc-container\" class=\"ez-toc-v2_0_82_2 counter-hierarchy ez-toc-counter ez-toc-white ez-toc-container-direction\">\n<div class=\"ez-toc-title-container\">\n<p class=\"ez-toc-title ez-toc-toggle\" style=\"cursor:pointer\">\u0130\u00e7indekiler<\/p>\n<span class=\"ez-toc-title-toggle\"><a href=\"#\" class=\"ez-toc-pull-right ez-toc-btn ez-toc-btn-xs ez-toc-btn-default ez-toc-toggle\" aria-label=\"\u0130\u00e7indekiler Tablosunu A\u00e7\/Kapat\"><span class=\"ez-toc-js-icon-con\"><span class=\"\"><span class=\"eztoc-hide\" style=\"display:none;\">Toggle<\/span><span class=\"ez-toc-icon-toggle-span\"><svg style=\"fill: #999;color:#999\" xmlns=\"http:\/\/www.w3.org\/2000\/svg\" class=\"list-377408\" width=\"20px\" height=\"20px\" viewBox=\"0 0 24 24\" fill=\"none\"><path d=\"M6 6H4v2h2V6zm14 0H8v2h12V6zM4 11h2v2H4v-2zm16 0H8v2h12v-2zM4 16h2v2H4v-2zm16 0H8v2h12v-2z\" fill=\"currentColor\"><\/path><\/svg><svg style=\"fill: #999;color:#999\" class=\"arrow-unsorted-368013\" xmlns=\"http:\/\/www.w3.org\/2000\/svg\" width=\"10px\" height=\"10px\" viewBox=\"0 0 24 24\" version=\"1.2\" baseProfile=\"tiny\"><path d=\"M18.2 9.3l-6.2-6.3-6.2 6.3c-.2.2-.3.4-.3.7s.1.5.3.7c.2.2.4.3.7.3h11c.3 0 .5-.1.7-.3.2-.2.3-.5.3-.7s-.1-.5-.3-.7zM5.8 14.7l6.2 6.3 6.2-6.3c.2-.2.3-.5.3-.7s-.1-.5-.3-.7c-.2-.2-.4-.3-.7-.3h-11c-.3 0-.5.1-.7.3-.2.2-.3.5-.3.7s.1.5.3.7z\"\/><\/svg><\/span><\/span><\/span><\/a><\/span><\/div>\n<nav><ul class='ez-toc-list ez-toc-list-level-1 eztoc-toggle-hide-by-default' ><li class='ez-toc-page-1 ez-toc-heading-level-2'><a class=\"ez-toc-link ez-toc-heading-1\" href=\"https:\/\/mukellef.co\/blog\/sirketinize-hukuk-destegi-almaniz-3-neden\/#Sirketler_Avukat_Bulundurmak_Zorunda_mi\" >\u015eirketler Avukat Bulundurmak Zorunda m\u0131?<\/a><\/li><li class='ez-toc-page-1 ez-toc-heading-level-2'><a class=\"ez-toc-link ez-toc-heading-2\" href=\"https:\/\/mukellef.co\/blog\/sirketinize-hukuk-destegi-almaniz-3-neden\/#Sirketinize_Neden_Hukuk_Destegi_Almalisiniz\" >\u015eirketinize Neden Hukuk Deste\u011fi Almal\u0131s\u0131n\u0131z?<\/a><\/li><li class='ez-toc-page-1 ez-toc-heading-level-2'><a class=\"ez-toc-link ez-toc-heading-3\" href=\"https:\/\/mukellef.co\/blog\/sirketinize-hukuk-destegi-almaniz-3-neden\/#1_Hak_Kaybina_Ugramamak\" >1) Hak Kayb\u0131na U\u011framamak<\/a><\/li><li class='ez-toc-page-1 ez-toc-heading-level-2'><a class=\"ez-toc-link ez-toc-heading-4\" href=\"https:\/\/mukellef.co\/blog\/sirketinize-hukuk-destegi-almaniz-3-neden\/#2_Sirket_Avukatligi_Hizmet_Kapsamindan_Yararlanmak\" >2) \u015eirket Avukatl\u0131\u011f\u0131 Hizmet Kapsam\u0131ndan Yararlanmak<\/a><\/li><li class='ez-toc-page-1 ez-toc-heading-level-2'><a class=\"ez-toc-link ez-toc-heading-5\" href=\"https:\/\/mukellef.co\/blog\/sirketinize-hukuk-destegi-almaniz-3-neden\/#3_Maddi_Anlamda_Zarara_Ugramamak\" >3) Maddi Anlamda Zarara U\u011framamak<\/a><\/li><li class='ez-toc-page-1 ez-toc-heading-level-2'><a class=\"ez-toc-link ez-toc-heading-6\" href=\"https:\/\/mukellef.co\/blog\/sirketinize-hukuk-destegi-almaniz-3-neden\/#Mukellef_ile_Tum_Finansal_Sureclerinizi_Yonetin\" >M\u00fckellef ile T\u00fcm Finansal S\u00fcre\u00e7lerinizi Y\u00f6netin!<\/a><\/li><\/ul><\/nav><\/div>\n<h2 class=\"wp-block-heading\"><span class=\"ez-toc-section\" id=\"Sirketler_Avukat_Bulundurmak_Zorunda_mi\"><\/span><strong>\u015eirketler Avukat Bulundurmak Zorunda m\u0131?<\/strong><span class=\"ez-toc-section-end\"><\/span><\/h2>\n\n\n\n<p>Bir \u015firket avukat\u0131, \u015firketin kurulu\u015fundan tasfiyesine kadar her a\u015famada hukuki destek sa\u011flar. Peki, \u015firketiniz i\u00e7in bir avukat\u0131 ile \u00e7al\u0131\u015fmak zorunda m\u0131s\u0131n\u0131z? Bu sorunun cevab\u0131 <a href=\"https:\/\/www.mevzuat.gov.tr\/MevzuatMetin\/1.5.1136.pdf\" target=\"_blank\" rel=\"noreferrer noopener\">1136 say\u0131l\u0131 <\/a>Avukatl\u0131k Kanunu\u2019nun 35. maddesinde \u015f\u00f6yle yer al\u0131r:<\/p>\n\n\n\n<p>\u201cDava a\u00e7maya yetene\u011fi olan herkes kendi davas\u0131na ait evrak\u0131 d\u00fczenleyebilir, davas\u0131n\u0131 bizzat a\u00e7abilir ve i\u015fini takip edebilir. Ancak, T\u00fcrk Ticaret Kanunu\u2019nun 272\u2019nci maddesinde \u00f6ng\u00f6r\u00fclen esas sermaye miktar\u0131n\u0131n be\u015f kat\u0131 (250.000 TL) veya daha fazla esas sermayesi bulunan anonim \u015firketler ile \u00fcye say\u0131s\u0131 y\u00fcz veya daha fazla olan yap\u0131 kooperatifleri s\u00f6zle\u015fmeli bir avukat bulundurmak zorundad\u0131r. Bu f\u0131kra h\u00fckm\u00fcne ayk\u0131r\u0131 davranan kurulu\u015flara Cumhuriyet Savc\u0131s\u0131 taraf\u0131ndan s\u00f6zle\u015fmeli avukat tayin etmedikleri her ay i\u00e7in, sanayi sekt\u00f6r\u00fcnde \u00e7al\u0131\u015fan on alt\u0131 ya\u015f\u0131ndan b\u00fcy\u00fck i\u015f\u00e7iler i\u00e7in su\u00e7 tarihinde y\u00fcr\u00fcrl\u00fckte bulunan, asgar\u00ee \u00fccretin iki ayl\u0131k br\u00fct tutar\u0131 kadar idari para cezas\u0131 verilir.\u201d<\/p>\n\n\n\n<h2 class=\"wp-block-heading\"><span class=\"ez-toc-section\" id=\"Sirketinize_Neden_Hukuk_Destegi_Almalisiniz\"><\/span><strong>\u015eirketinize Neden Hukuk Deste\u011fi Almal\u0131s\u0131n\u0131z?<\/strong><span class=\"ez-toc-section-end\"><\/span><\/h2>\n\n\n\n<p>\u015eirketinizin olas\u0131 problemlerde herhangi bir zarar u\u011framamas\u0131 i\u00e7in bir avukatla beraber i\u015flerin y\u00fcr\u00fct\u00fclmesi son derece \u00f6nemlidir. \u015eirketiniz i\u00e7in avukatla \u00e7al\u0131\u015fman\u0131n \u00f6nemini 3 maddede \u015fu \u015fekilde s\u0131ralayabiliriz:<\/p>\n\n\n\n<h2 class=\"wp-block-heading\"><span class=\"ez-toc-section\" id=\"1_Hak_Kaybina_Ugramamak\"><\/span><strong>1) Hak Kayb\u0131na U\u011framamak<\/strong><span class=\"ez-toc-section-end\"><\/span><\/h2>\n\n\n\n<p>Yukar\u0131da ifade edildi\u011fi gibi e\u011fer esas sermaye miktar\u0131 250.000 TL veya daha fazla olan bir anonim \u015firketiniz varsa, \u015firket avukat\u0131 bulundurma zorunlulu\u011funuz vard\u0131r. Avukatl\u0131k Kanunu limited veya \u015fah\u0131s \u015firketlerine herhangi bir zorunluluk getirmemi\u015f olsa da, herhangi bir hak kayb\u0131na u\u011framamak i\u00e7in \u015firketin faaliyet alan\u0131 do\u011frultusunda bir avukattan hukuki destek almak \u00f6nemlidir.<\/p>\n\n\n\n<h2 class=\"wp-block-heading\"><span class=\"ez-toc-section\" id=\"2_Sirket_Avukatligi_Hizmet_Kapsamindan_Yararlanmak\"><\/span><strong>2) \u015eirket Avukatl\u0131\u011f\u0131 Hizmet Kapsam\u0131ndan Yararlanmak<\/strong><span class=\"ez-toc-section-end\"><\/span><\/h2>\n\n\n\n<p>\u015eirket avukat\u0131, \u015firketinize ticaret ve i\u015f hukuku alan\u0131nda hizmet sunar. <a href=\"https:\/\/mukellef.co\/blog\/sirket-kurulusu-sonrasi-yapilmasi-gereken\/\" target=\"_blank\" data-type=\"post\" data-id=\"3590\" rel=\"noreferrer noopener\">\u015eirket<\/a> avukatlar\u0131n\u0131n hizmet kapsam\u0131 a\u015fa\u011f\u0131daki gibidir:<\/p>\n\n\n\n<ul class=\"wp-block-list\">\n<li>\u015eirketinize i\u015f hukuku alan\u0131nda dava a\u00e7\u0131l\u0131rsa hem i\u015fveren olarak sizin hakk\u0131n\u0131z\u0131 hem de \u015firketinizde \u00e7al\u0131\u015fan personelin hakk\u0131n\u0131 korur.<\/li>\n\n\n\n<li>\u015eirketinizin vergiye tabi oldu\u011fu konularda hukuki i\u015flemleri ger\u00e7ekle\u015ftirir.<\/li>\n\n\n\n<li>\u015eirketinizin tahsilat i\u015flemlerinde icra s\u00fcre\u00e7lerini y\u00fcr\u00fct\u00fcr.<\/li>\n\n\n\n<li>\u015eirketinizin yapt\u0131\u011f\u0131 veya yapaca\u011f\u0131 hem ulusal hem de uluslararas\u0131 s\u00f6zle\u015fmeleri d\u00fczenler ve kontrol eder.<\/li>\n\n\n\n<li>\u015eirket birle\u015fme, b\u00f6l\u00fcnme ve devir i\u015flemlerini y\u00fcr\u00fct\u00fcr.<\/li>\n\n\n\n<li>\u015eirketiniz herhangi bir haks\u0131z rekabetten do\u011fan uyu\u015fmazl\u0131k ile ilgili bir sorun ya\u015fad\u0131\u011f\u0131nda bu durumun \u00e7\u00f6z\u00fcm\u00fcn\u00fc sa\u011flar.<\/li>\n\n\n\n<li>\u015eirketinizin ihtiya\u00e7 duydu\u011fu hukuki konularda hukuksal prosed\u00fcrler hakk\u0131nda taraf\u0131n\u0131za bilgi verir.<\/li>\n<\/ul>\n\n\n\n<h2 class=\"wp-block-heading\"><span class=\"ez-toc-section\" id=\"3_Maddi_Anlamda_Zarara_Ugramamak\"><\/span><strong>3) Maddi Anlamda Zarara U\u011framamak<\/strong><span class=\"ez-toc-section-end\"><\/span><\/h2>\n\n\n\n<p>\u015eirketiniz hukuki yapt\u0131r\u0131m do\u011furan yanl\u0131\u015f faaliyetler sonucunda maddi anlamda zarara u\u011frayabilir. Bu gibi bir duruma en ba\u015f\u0131ndan engel olabilmek i\u00e7in \u015firketinizin hukuk deste\u011fi almas\u0131 kritik \u00f6neme sahiptir. Do\u011fru bir hukuki destek ise \u015firketinize bir dava a\u00e7\u0131ld\u0131\u011f\u0131nda savunma yapmas\u0131 i\u00e7in de\u011fil, \u015firketinize dava gelmemesi i\u00e7in sizin do\u011fru ad\u0131m atman\u0131z\u0131 sa\u011flayan i\u015fin uzman\u0131 ki\u015filer ile birlikte \u00e7al\u0131\u015fmakt\u0131r.<\/p>\n\n\n\n<h2 class=\"wp-block-heading\"><span class=\"ez-toc-section\" id=\"Mukellef_ile_Tum_Finansal_Sureclerinizi_Yonetin\"><\/span><strong>M\u00fckellef ile T\u00fcm Finansal S\u00fcre\u00e7lerinizi Y\u00f6netin!<\/strong><span class=\"ez-toc-section-end\"><\/span><\/h2>\n\n\n\n<p>M\u00fckellef, \u015firketinizin kurulu\u015f s\u00fcrecinde ve sonras\u0131nda sundu\u011fu hizmetler ile sizlere destek olur. M\u00fckellef\u2019in dan\u0131\u015fmanl\u0131k hizmeti ile \u015firket hukukuna dair merak etti\u011finiz t\u00fcm sorular\u0131n cevab\u0131n\u0131 an\u0131nda alabilirsiniz. Online olarak \u015firket kurulumunuzu h\u0131zl\u0131ca tamamlayabilir ve giri\u015fiminizi hayata ge\u00e7irebilirsiniz. Finansal s\u00fcre\u00e7lerinizde yan\u0131n\u0131zda olan M\u00fckellef\u2019in \u00f6n muhasebe program\u0131, sanal ofis, marka tescili, ve e-D\u00f6n\u00fc\u015f\u00fcm hizmetlerinden faydalanabilirsiniz. Daha detayl\u0131 bilgi edinmek i\u00e7in <a href=\"https:\/\/mukellef.co\/\" target=\"_blank\" rel=\"noreferrer noopener\">t\u0131klay\u0131n\u0131z<\/a>.<\/p>\n\n\n\n\t\t<!--HubSpot Call-to-Action Code -->\n\t\t<span class=\"hs-cta-wrapper\" id=\"hs-cta-wrapper-ac2da2e8-ee26-4a10-9b21-da30e6f43bf6\">\n\t\t<span class=\"hs-cta-node hs-cta-ac2da2e8-ee26-4a10-9b21-da30e6f43bf6\" id=\"ac2da2e8-ee26-4a10-9b21-da30e6f43bf6\">\n\t\t<!--[if lte IE 8]>\n\t\t<div id=\"hs-cta-ie-element\"><\/div>\n\t\t<![endif]-->\n\t\t<a href=\"https:\/\/cta-redirect.hubspot.com\/cta\/redirect\/5318651\/ac2da2e8-ee26-4a10-9b21-da30e6f43bf6\" target=\"_blank\" rel=\"noopener\">\n\t\t<img decoding=\"async\" class=\"hs-cta-img\" id=\"hs-cta-img-ac2da2e8-ee26-4a10-9b21-da30e6f43bf6\" style=\"border-width:0px;\" src=\"https:\/\/no-cache.hubspot.com\/cta\/default\/5318651\/ac2da2e8-ee26-4a10-9b21-da30e6f43bf6.png\" alt=\"New call-to-action\" title=\"\">\n\t\t<\/a>\n\t\t<\/span>\n\t\t<script charset=\"utf-8\" src=\"\/\/js.hubspot.com\/cta\/current.js\"><\/script>\n\t\t<script>\n\t\thbspt.cta.load(5318651, 'ac2da2e8-ee26-4a10-9b21-da30e6f43bf6', {});\n\t\t<\/script>\n\t\t<\/span>\n\t\t<!-- end HubSpot Call-to-Action Code -->\n\t\t\n","protected":false},"excerpt":{"rendered":"<p>\u015eirketler, kurulu\u015flar\u0131ndan itibaren t\u00fcm s\u00fcre\u00e7 boyunca hukuk ile i\u00e7 i\u00e7e faaliyet g\u00f6sterirler. \u015eirketler \u00e7e\u015fitli mevzuat h\u00fck\u00fcmlerine tabidir. Bu do\u011frultuda bir \u015firketin yapt\u0131\u011f\u0131 s\u00f6zle\u015fme h\u00fck\u00fcmlerinin hukuki \u00e7er\u00e7evede olmas\u0131 gerekir. Aksi halde ciddi zararlar ile kar\u015f\u0131la\u015f\u0131l\u0131r. Bu noktada \u015firket i\u00e7in hukuk deste\u011fi almak son derece \u00f6nemlidir. Peki, \u015firketinize hukuk deste\u011fi neden almal\u0131s\u0131n\u0131z? Hukuk deste\u011fi almak size hangi &#8230;<\/p>\n","protected":false},"author":3,"featured_media":4533,"comment_status":"closed","ping_status":"closed","sticky":false,"template":"","format":"standard","meta":{"content-type":"","inline_featured_image":false,"footnotes":""},"categories":[382],"tags":[],"class_list":["post-4206","post","type-post","status-publish","format-standard","has-post-thumbnail","hentry","category-sirket-yonetimi"],"_links":{"self":[{"href":"https:\/\/mukellef.co\/blog\/wp-json\/wp\/v2\/posts\/4206","targetHints":{"allow":["GET"]}}],"collection":[{"href":"https:\/\/mukellef.co\/blog\/wp-json\/wp\/v2\/posts"}],"about":[{"href":"https:\/\/mukellef.co\/blog\/wp-json\/wp\/v2\/types\/post"}],"author":[{"embeddable":true,"href":"https:\/\/mukellef.co\/blog\/wp-json\/wp\/v2\/users\/3"}],"replies":[{"embeddable":true,"href":"https:\/\/mukellef.co\/blog\/wp-json\/wp\/v2\/comments?post=4206"}],"version-history":[{"count":1,"href":"https:\/\/mukellef.co\/blog\/wp-json\/wp\/v2\/posts\/4206\/revisions"}],"predecessor-version":[{"id":7831,"href":"https:\/\/mukellef.co\/blog\/wp-json\/wp\/v2\/posts\/4206\/revisions\/7831"}],"wp:featuredmedia":[{"embeddable":true,"href":"https:\/\/mukellef.co\/blog\/wp-json\/wp\/v2\/media\/4533"}],"wp:attachment":[{"href":"https:\/\/mukellef.co\/blog\/wp-json\/wp\/v2\/media?parent=4206"}],"wp:term":[{"taxonomy":"category","embeddable":true,"href":"https:\/\/mukellef.co\/blog\/wp-json\/wp\/v2\/categories?post=4206"},{"taxonomy":"post_tag","embeddable":true,"href":"https:\/\/mukellef.co\/blog\/wp-json\/wp\/v2\/tags?post=4206"}],"curies":[{"name":"wp","href":"https:\/\/api.w.org\/{rel}","templated":true}]}}