{"id":5414,"date":"2023-02-06T10:00:00","date_gmt":"2023-02-06T07:00:00","guid":{"rendered":"https:\/\/mukellef.co\/blog\/?p=5414"},"modified":"2023-02-03T14:21:46","modified_gmt":"2023-02-03T11:21:46","slug":"e-donusum-nedir-e-donusum-cozumleri-nelerdir","status":"publish","type":"post","link":"https:\/\/mukellef.co\/blog\/e-donusum-nedir-e-donusum-cozumleri-nelerdir\/","title":{"rendered":"e-D\u00f6n\u00fc\u015f\u00fcm Nedir? e-D\u00f6n\u00fc\u015f\u00fcm \u00c7\u00f6z\u00fcmleri Nelerdir?"},"content":{"rendered":"\n<p>Dijital d\u00f6n\u00fc\u015f\u00fcm uygulamalar\u0131 \u00fczerinden belirli alanlardaki bilgilere eri\u015fimi kolay ve h\u0131zl\u0131 h\u00e2le getiren e-D\u00f6n\u00fc\u015f\u00fcm, i\u015fletmeler i\u00e7in bir\u00e7ok avantaj\u0131 bir arada sunar. Kurumlar i\u00e7in k\u00e2\u011f\u0131t tasarrufu sa\u011flad\u0131\u011f\u0131 i\u00e7in i\u015fleri kolayla\u015ft\u0131rman\u0131n yan\u0131 s\u0131ra daha \u00e7evreci bir yakla\u015f\u0131m olarak da nitelendirilebilir. Bu yaz\u0131m\u0131zda dijital teknolojilerin entegrasyonu ile toplumsal ve sekt\u00f6rel ihtiya\u00e7lara \u00e7\u00f6z\u00fcm \u00fcreten e-D\u00f6n\u00fc\u015f\u00fcm hizmetlerine yer verece\u011fiz.&nbsp;<\/p>\n\n\n\n<div id=\"ez-toc-container\" class=\"ez-toc-v2_0_82_2 counter-hierarchy ez-toc-counter ez-toc-white ez-toc-container-direction\">\n<div class=\"ez-toc-title-container\">\n<p class=\"ez-toc-title ez-toc-toggle\" style=\"cursor:pointer\">\u0130\u00e7indekiler<\/p>\n<span class=\"ez-toc-title-toggle\"><a href=\"#\" class=\"ez-toc-pull-right ez-toc-btn ez-toc-btn-xs ez-toc-btn-default ez-toc-toggle\" aria-label=\"\u0130\u00e7indekiler Tablosunu A\u00e7\/Kapat\"><span class=\"ez-toc-js-icon-con\"><span class=\"\"><span class=\"eztoc-hide\" style=\"display:none;\">Toggle<\/span><span class=\"ez-toc-icon-toggle-span\"><svg style=\"fill: #999;color:#999\" xmlns=\"http:\/\/www.w3.org\/2000\/svg\" class=\"list-377408\" width=\"20px\" height=\"20px\" viewBox=\"0 0 24 24\" fill=\"none\"><path d=\"M6 6H4v2h2V6zm14 0H8v2h12V6zM4 11h2v2H4v-2zm16 0H8v2h12v-2zM4 16h2v2H4v-2zm16 0H8v2h12v-2z\" fill=\"currentColor\"><\/path><\/svg><svg style=\"fill: #999;color:#999\" class=\"arrow-unsorted-368013\" xmlns=\"http:\/\/www.w3.org\/2000\/svg\" width=\"10px\" height=\"10px\" viewBox=\"0 0 24 24\" version=\"1.2\" baseProfile=\"tiny\"><path d=\"M18.2 9.3l-6.2-6.3-6.2 6.3c-.2.2-.3.4-.3.7s.1.5.3.7c.2.2.4.3.7.3h11c.3 0 .5-.1.7-.3.2-.2.3-.5.3-.7s-.1-.5-.3-.7zM5.8 14.7l6.2 6.3 6.2-6.3c.2-.2.3-.5.3-.7s-.1-.5-.3-.7c-.2-.2-.4-.3-.7-.3h-11c-.3 0-.5.1-.7.3-.2.2-.3.5-.3.7s.1.5.3.7z\"\/><\/svg><\/span><\/span><\/span><\/a><\/span><\/div>\n<nav><ul class='ez-toc-list ez-toc-list-level-1 eztoc-toggle-hide-by-default' ><li class='ez-toc-page-1 ez-toc-heading-level-2'><a class=\"ez-toc-link ez-toc-heading-1\" href=\"https:\/\/mukellef.co\/blog\/e-donusum-nedir-e-donusum-cozumleri-nelerdir\/#e-Donusum_Nedir\" >e-D\u00f6n\u00fc\u015f\u00fcm Nedir?&nbsp;<\/a><\/li><li class='ez-toc-page-1 ez-toc-heading-level-2'><a class=\"ez-toc-link ez-toc-heading-2\" href=\"https:\/\/mukellef.co\/blog\/e-donusum-nedir-e-donusum-cozumleri-nelerdir\/#e-Donusum_Cozumleri_Nelerdir\" >e-D\u00f6n\u00fc\u015f\u00fcm \u00c7\u00f6z\u00fcmleri Nelerdir?&nbsp;<\/a><ul class='ez-toc-list-level-3' ><li class='ez-toc-heading-level-3'><a class=\"ez-toc-link ez-toc-heading-3\" href=\"https:\/\/mukellef.co\/blog\/e-donusum-nedir-e-donusum-cozumleri-nelerdir\/#e-Fatura\" >e-Fatura<\/a><\/li><li class='ez-toc-page-1 ez-toc-heading-level-3'><a class=\"ez-toc-link ez-toc-heading-4\" href=\"https:\/\/mukellef.co\/blog\/e-donusum-nedir-e-donusum-cozumleri-nelerdir\/#e-Arsiv_Fatura\" >e-Ar\u015fiv Fatura<\/a><\/li><li class='ez-toc-page-1 ez-toc-heading-level-3'><a class=\"ez-toc-link ez-toc-heading-5\" href=\"https:\/\/mukellef.co\/blog\/e-donusum-nedir-e-donusum-cozumleri-nelerdir\/#e-Defter\" >e-Defter&nbsp;<\/a><\/li><li class='ez-toc-page-1 ez-toc-heading-level-3'><a class=\"ez-toc-link ez-toc-heading-6\" href=\"https:\/\/mukellef.co\/blog\/e-donusum-nedir-e-donusum-cozumleri-nelerdir\/#e-Irsaliye\" >e-\u0130rsaliye<\/a><\/li><\/ul><\/li><li class='ez-toc-page-1 ez-toc-heading-level-2'><a class=\"ez-toc-link ez-toc-heading-7\" href=\"https:\/\/mukellef.co\/blog\/e-donusum-nedir-e-donusum-cozumleri-nelerdir\/#e-Donusum_Entegrasyonunuzu_Mukellef_ile_Yapin\" >e-D\u00f6n\u00fc\u015f\u00fcm Entegrasyonunuzu M\u00fckellef ile Yap\u0131n&nbsp;<\/a><\/li><\/ul><\/nav><\/div>\n<h2 class=\"wp-block-heading\"><span class=\"ez-toc-section\" id=\"e-Donusum_Nedir\"><\/span><strong>e-D\u00f6n\u00fc\u015f\u00fcm Nedir?&nbsp;<\/strong><span class=\"ez-toc-section-end\"><\/span><\/h2>\n\n\n\n<p><a href=\"http:\/\/www.bilgitoplumu.gov.tr\/bilgi-toplumu\/e-donusum-projesi\/\" target=\"_blank\" rel=\"noreferrer noopener\">e-D\u00f6n\u00fc\u015f\u00fcm<\/a>, dijitalle\u015fme kapsam\u0131nda kamu i\u015flerinin dijital ortama ge\u00e7i\u015fini i\u00e7eren \u00e7e\u015fitli \u00e7\u00f6z\u00fcmleri bir arada sunar. Dijital d\u00f6n\u00fc\u015f\u00fcm olarak da ifade edilen e-D\u00f6n\u00fc\u015f\u00fcm; bilgi teknolojilerini kullanarak zaman ve para tasarrufu sa\u011flayan, ki\u015fi ve kurumlar\u0131n faaliyetlerinin dijital ortamlara h\u0131zl\u0131 bir \u015fekilde ta\u015f\u0131nmas\u0131n\u0131 kolayla\u015ft\u0131ran sistem olarak tan\u0131mlanabilir. \u00c7ok y\u00f6nl\u00fc bir hizmet sunarak ileti\u015fimden al\u0131\u015fveri\u015fe, finansal hizmetlerden e\u011flenceye kadar bir\u00e7ok g\u00fcnl\u00fck al\u0131\u015fkanl\u0131\u011f\u0131 k\u00f6kten de\u011fi\u015ftiren bir \u00e7\u00f6z\u00fcmd\u00fcr. \u0130\u015f hayat\u0131n\u0131 farkl\u0131 bir noktaya ta\u015f\u0131yan e-D\u00f6n\u00fc\u015f\u00fcm, \u015firketlerin bilgilerinin dijital ortama aktar\u0131lmas\u0131n\u0131 kolayla\u015ft\u0131rarak maliyet ve zaman avantajlar\u0131 ile verimlili\u011fi art\u0131rmay\u0131 ama\u00e7lar.&nbsp;<\/p>\n\n\n\n<h2 class=\"wp-block-heading\"><span class=\"ez-toc-section\" id=\"e-Donusum_Cozumleri_Nelerdir\"><\/span><strong>e-D\u00f6n\u00fc\u015f\u00fcm \u00c7\u00f6z\u00fcmleri Nelerdir?&nbsp;<\/strong><span class=\"ez-toc-section-end\"><\/span><\/h2>\n\n\n\n<p>\u0130nternet kullan\u0131m\u0131n\u0131n ve online imzalar\u0131n yayg\u0131nla\u015fmas\u0131 gibi s\u00fcre\u00e7ler e-D\u00f6n\u00fc\u015f\u00fcm \u00e7\u00f6z\u00fcmlerine duyulan ihtiyac\u0131 art\u0131ran fakt\u00f6rlerin ba\u015f\u0131nda yer al\u0131r. \u0130\u015f s\u00fcre\u00e7lerini kolay ve h\u0131zl\u0131 bir \u015fekilde y\u00f6netmek isteyen ki\u015fi veya i\u015fletmeler i\u00e7in e-D\u00f6n\u00fc\u015f\u00fcm \u00e7ok y\u00f6nl\u00fc bir avantaj sa\u011flar. Bu hizmet sayesinde ki\u015fi ve i\u015fletmeler e-Fatura, e-Defter, e-\u0130rsaliye, \u00e7ek ve banka \u00f6demeleri gibi i\u015flemleri dijital bir \u015fekilde tamamlayabilir. Pek \u00e7ok hizmetin otomatikle\u015fmesini sa\u011flayan bu \u00e7\u00f6z\u00fcmleri 4&nbsp;ba\u015fl\u0131k alt\u0131nda ele alabiliriz.&nbsp;<\/p>\n\n\n\n<h3 class=\"wp-block-heading\"><span class=\"ez-toc-section\" id=\"e-Fatura\"><\/span><strong>e-Fatura<\/strong><span class=\"ez-toc-section-end\"><\/span><\/h3>\n\n\n\n<p>Son d\u00f6nemlerde yayg\u0131n bir \u015fekilde kullan\u0131lan e-Fatura, sat\u0131c\u0131 ve al\u0131c\u0131 aras\u0131ndaki g\u00fcvenli\u011fi sa\u011flayan \u00f6nemli bir evrakt\u0131r. Fatura i\u015flemlerinin online olarak d\u00fczenlenmesini sa\u011flayan e-Fatura sayesinde zaman ve maliyet tasarrufu sa\u011flamak kolayla\u015f\u0131r. e-Fatura belirli bir formatta standardize edilmi\u015f ve de\u011fi\u015ftirilemeyecek \u015fekilde m\u00fch\u00fcrlenmi\u015f elektronik belge niteli\u011fi ta\u015f\u0131d\u0131\u011f\u0131 i\u00e7in g\u00fcvenli bir y\u00f6ntemdir. Hukuki a\u00e7\u0131dan k\u00e2\u011f\u0131t fatura ile ayn\u0131 yasal ge\u00e7erlili\u011fe sahip olan <a href=\"https:\/\/mukellef.co\/blog\/e-fatura-kullanimin-avantajlari\/\" target=\"_blank\" rel=\"noreferrer noopener\">e-Fatura<\/a> g\u00fcnl\u00fck ya\u015famdaki i\u015flemlerin pek \u00e7o\u011funda kullan\u0131labilir.&nbsp;<\/p>\n\n\n\n<h3 class=\"wp-block-heading\"><span class=\"ez-toc-section\" id=\"e-Arsiv_Fatura\"><\/span><strong>e-Ar\u015fiv Fatura<\/strong><span class=\"ez-toc-section-end\"><\/span><\/h3>\n\n\n\n<p><a href=\"https:\/\/mukellef.co\/blog\/e-arsiv-fatura-gecis-zorunlulugu\/\" target=\"_blank\" rel=\"noreferrer noopener\">e-Ar\u015fiv fatura<\/a>, Vergi Usul Kanunu gere\u011fince k\u00e2\u011f\u0131t ortam\u0131nda d\u00fczenlenmesi, saklanmas\u0131 ve ibraz edilmesi gereken faturalar aras\u0131nda yer al\u0131r. e-Fatura kullanmayan \u015firketlere ve \u015fah\u0131slara g\u00f6nderilen bir fatura t\u00fcr\u00fcd\u00fcr. e-Fatura ise yaln\u0131zca e-Fatura kullanan \u015firketlere g\u00f6nderilir. e-Ar\u015fiv faturan\u0131n elektronik ortamda d\u00fczenlenmesi, faturan\u0131n iki n\u00fcshas\u0131n\u0131n elektronik ortamda saklanmas\u0131 ve ibraz edilmesi, uygulanmas\u0131 gereken ad\u0131mlardan biridir.&nbsp;<\/p>\n\n\n\n<h3 class=\"wp-block-heading\"><span class=\"ez-toc-section\" id=\"e-Defter\"><\/span><strong>e-Defter&nbsp;<\/strong><span class=\"ez-toc-section-end\"><\/span><\/h3>\n\n\n\n<p>Dijital d\u00f6n\u00fc\u015f\u00fcm sayesinde i\u015fletmelerin manuel olarak yapmas\u0131 gereken i\u015flemlerin b\u00fcy\u00fck bir \u00e7o\u011funlu\u011fu elektronik ortamda y\u00fcr\u00fct\u00fclebilir. e-D\u00f6n\u00fc\u015f\u00fcm uygulamalar\u0131ndan destek alan \u015firketlerin kullanabilece\u011fi bir di\u011fer uygulama da e-Defter uygulamas\u0131d\u0131r. \u0130\u015f d\u00fcnyas\u0131nda geni\u015f yer tutan e-Defter, Vergi Usul Kanunu ve T\u00fcrk Ticaret Kanunu&#8217;na g\u00f6re zorunlu olarak defterlere kaydedilmesi gereken bilgileri kapsar. e-Defterin as\u0131l amac\u0131 h\u0131zl\u0131 ve g\u00fcvenli bir \u015fekilde denetim sa\u011flanmas\u0131n\u0131 kolayla\u015ft\u0131rmakt\u0131r. <a href=\"https:\/\/www.resmigazete.gov.tr\/eskiler\/2022\/11\/20221109-10.htm\" target=\"_blank\" rel=\"noreferrer noopener\">Son yap\u0131lan kanun de\u011fi\u015fikli\u011fine g\u00f6re<\/a>, 2021 y\u0131l\u0131 vergi d\u00f6nemleri i\u00e7erisinde 4 milyon TL ve \u00fcst\u00fc cirosu olan ger\u00e7ek ve t\u00fczel m\u00fckellefler 1 Temmuz 2023 tarihine kadar e-Defter uygulamas\u0131na ge\u00e7mek ile y\u00fck\u00fcml\u00fcd\u00fcr.&nbsp;<\/p>\n\n\n\n<h3 class=\"wp-block-heading\"><span class=\"ez-toc-section\" id=\"e-Irsaliye\"><\/span><strong>e-\u0130rsaliye<\/strong><span class=\"ez-toc-section-end\"><\/span><\/h3>\n\n\n\n<p><a href=\"https:\/\/mukellef.co\/blog\/e-irsaliye-nedir-nasil-basvurulur\/\" target=\"_blank\" rel=\"noreferrer noopener\">e-\u0130rsaliye<\/a>, firmalar\u0131n dijital ortamda irsaliye d\u00fczenleyerek kar\u015f\u0131 tarafa ula\u015ft\u0131rd\u0131\u011f\u0131 elektronik belge olarak tan\u0131mlanabilir. K\u00e2\u011f\u0131t olarak kullan\u0131lan irsaliyelerde iki ayr\u0131 tip bulunur.&nbsp;<\/p>\n\n\n\n<p>e-\u0130rsaliye genel olarak sevk irsaliyesi yerine ge\u00e7en yani mal\u0131 teslim alan ki\u015fiye iletilecek olan belgedir. <a href=\"https:\/\/www.resmigazete.gov.tr\/eskiler\/2022\/01\/20220122-10.htm\" target=\"_blank\" rel=\"noreferrer noopener\">Son yap\u0131lan de\u011fi\u015fikliklere g\u00f6re<\/a>, e-Fatura uygulamas\u0131na kay\u0131tl\u0131 olan m\u00fckelleflerin e-\u0130rsaliye sistemine ge\u00e7i\u015f yapmas\u0131 zorunludur.&nbsp;<\/p>\n\n\n\n<h2 class=\"wp-block-heading\"><span class=\"ez-toc-section\" id=\"e-Donusum_Entegrasyonunuzu_Mukellef_ile_Yapin\"><\/span><strong>e-D\u00f6n\u00fc\u015f\u00fcm Entegrasyonunuzu M\u00fckellef ile Yap\u0131n&nbsp;<\/strong><span class=\"ez-toc-section-end\"><\/span><\/h2>\n\n\n\n<p>\u015eirketinizin dijital d\u00f6n\u00fc\u015f\u00fcm\u00fcn\u00fc ger\u00e7ekle\u015ftirmek M\u00fckellef ile \u00e7ok kolay! Giri\u015fimcilere \u015firket kurulu\u015fundan sonraki s\u00fcre\u00e7lerde de destek sa\u011flayan M\u00fckellef, e-D\u00f6n\u00fc\u015f\u00fcm uygulamalar\u0131yla size bir\u00e7ok avantaj\u0131 bir arada sunar. e-Fatura, e-Ar\u015fiv ve e-Serbest Meslek Makbuzu (e-SMM) kullan\u0131m\u0131 i\u00e7in gerekli olan e-\u0130mza veya mali m\u00fch\u00fcr ba\u015fvurular\u0131n\u0131z\u0131 M\u00fckellef ile kolayca yapabilir, e-D\u00f6n\u00fc\u015f\u00fcm \u00e7\u00f6z\u00fcmlerimizi kullanarak faturalar\u0131n\u0131z\u0131 dijital ortamda saniyeler i\u00e7inde olu\u015fturabilirsiniz. Ayr\u0131nt\u0131l\u0131 bilgi i\u00e7in<a href=\"https:\/\/mukellef.co\/tr\" target=\"_blank\" rel=\"noreferrer noopener\"> t\u0131klay\u0131n!<\/a><\/p>\n\n\n\n\t\t<!--HubSpot Call-to-Action Code -->\n\t\t<span class=\"hs-cta-wrapper\" id=\"hs-cta-wrapper-b66fc90d-3b02-45da-9951-e8458a98254b\">\n\t\t<span class=\"hs-cta-node hs-cta-b66fc90d-3b02-45da-9951-e8458a98254b\" id=\"b66fc90d-3b02-45da-9951-e8458a98254b\">\n\t\t<!--[if lte IE 8]>\n\t\t<div id=\"hs-cta-ie-element\"><\/div>\n\t\t<![endif]-->\n\t\t<a href=\"https:\/\/cta-redirect.hubspot.com\/cta\/redirect\/5318651\/b66fc90d-3b02-45da-9951-e8458a98254b\" target=\"_blank\" rel=\"noopener\">\n\t\t<img decoding=\"async\" class=\"hs-cta-img\" id=\"hs-cta-img-b66fc90d-3b02-45da-9951-e8458a98254b\" style=\"border-width:0px;\" src=\"https:\/\/no-cache.hubspot.com\/cta\/default\/5318651\/b66fc90d-3b02-45da-9951-e8458a98254b.png\" alt=\"New call-to-action\" title=\"\">\n\t\t<\/a>\n\t\t<\/span>\n\t\t<script charset=\"utf-8\" src=\"\/\/js.hubspot.com\/cta\/current.js\"><\/script>\n\t\t<script>\n\t\thbspt.cta.load(5318651, 'b66fc90d-3b02-45da-9951-e8458a98254b', {});\n\t\t<\/script>\n\t\t<\/span>\n\t\t<!-- end HubSpot Call-to-Action Code -->\n\t\t\n","protected":false},"excerpt":{"rendered":"<p>Dijital d\u00f6n\u00fc\u015f\u00fcm uygulamalar\u0131 \u00fczerinden belirli alanlardaki bilgilere eri\u015fimi kolay ve h\u0131zl\u0131 h\u00e2le getiren e-D\u00f6n\u00fc\u015f\u00fcm, i\u015fletmeler i\u00e7in bir\u00e7ok avantaj\u0131 bir arada sunar. Kurumlar i\u00e7in k\u00e2\u011f\u0131t tasarrufu sa\u011flad\u0131\u011f\u0131 i\u00e7in i\u015fleri kolayla\u015ft\u0131rman\u0131n yan\u0131 s\u0131ra daha \u00e7evreci bir yakla\u015f\u0131m olarak da nitelendirilebilir. Bu yaz\u0131m\u0131zda dijital teknolojilerin entegrasyonu ile toplumsal ve sekt\u00f6rel ihtiya\u00e7lara \u00e7\u00f6z\u00fcm \u00fcreten e-D\u00f6n\u00fc\u015f\u00fcm hizmetlerine yer verece\u011fiz.&nbsp; e-D\u00f6n\u00fc\u015f\u00fcm &#8230;<\/p>\n","protected":false},"author":2,"featured_media":5420,"comment_status":"closed","ping_status":"closed","sticky":false,"template":"","format":"standard","meta":{"content-type":"","inline_featured_image":false,"footnotes":""},"categories":[18],"tags":[],"class_list":["post-5414","post","type-post","status-publish","format-standard","has-post-thumbnail","hentry","category-e-donusum"],"_links":{"self":[{"href":"https:\/\/mukellef.co\/blog\/wp-json\/wp\/v2\/posts\/5414","targetHints":{"allow":["GET"]}}],"collection":[{"href":"https:\/\/mukellef.co\/blog\/wp-json\/wp\/v2\/posts"}],"about":[{"href":"https:\/\/mukellef.co\/blog\/wp-json\/wp\/v2\/types\/post"}],"author":[{"embeddable":true,"href":"https:\/\/mukellef.co\/blog\/wp-json\/wp\/v2\/users\/2"}],"replies":[{"embeddable":true,"href":"https:\/\/mukellef.co\/blog\/wp-json\/wp\/v2\/comments?post=5414"}],"version-history":[{"count":0,"href":"https:\/\/mukellef.co\/blog\/wp-json\/wp\/v2\/posts\/5414\/revisions"}],"wp:featuredmedia":[{"embeddable":true,"href":"https:\/\/mukellef.co\/blog\/wp-json\/wp\/v2\/media\/5420"}],"wp:attachment":[{"href":"https:\/\/mukellef.co\/blog\/wp-json\/wp\/v2\/media?parent=5414"}],"wp:term":[{"taxonomy":"category","embeddable":true,"href":"https:\/\/mukellef.co\/blog\/wp-json\/wp\/v2\/categories?post=5414"},{"taxonomy":"post_tag","embeddable":true,"href":"https:\/\/mukellef.co\/blog\/wp-json\/wp\/v2\/tags?post=5414"}],"curies":[{"name":"wp","href":"https:\/\/api.w.org\/{rel}","templated":true}]}}