{"id":7314,"date":"2024-05-20T13:53:12","date_gmt":"2024-05-20T10:53:12","guid":{"rendered":"https:\/\/mukellef.co\/blog\/?p=7314"},"modified":"2026-01-06T11:51:30","modified_gmt":"2026-01-06T08:51:30","slug":"sahis-sirketi-fatura-kesme-rehberi","status":"publish","type":"post","link":"https:\/\/mukellef.co\/blog\/sahis-sirketi-fatura-kesme-rehberi\/","title":{"rendered":"\u015eah\u0131s \u015eirketi Fatura Kesme Rehberi"},"content":{"rendered":"\n<p>\u015eah\u0131s \u015firketi sahipleri, fatura kesme i\u015fleminin karma\u015f\u0131k bir s\u00fcre\u00e7 oldu\u011funu d\u00fc\u015f\u00fcnebilir. \u015eah\u0131s \u015firketi fatura kesmek, ticari i\u015fleri verimli \u015fekilde y\u00fcr\u00fctmek a\u00e7\u0131s\u0131ndan kritik \u00f6neme sahiptir. Yeni giri\u015fimciler ya da \u015firket yetkilileri, fatura kesme s\u00fcrecinin detaylar\u0131yla ilgili bilgi sahibi olduktan sonra rahat\u00e7a finansal s\u00fcre\u00e7lerini y\u00f6netebilir. Ayr\u0131ca \u015fah\u0131s \u015firketlerinin ticari faaliyetlerini resmile\u015ftirmeleri i\u00e7in gerekli olan fatura kesme i\u015flemi, vergi y\u00fck\u00fcml\u00fcl\u00fcklerinin kolayca yerine getirilmesine de yard\u0131mc\u0131 olur. Fatura d\u00fczenleme s\u00fcrecinin&nbsp;\u00f6ne \u00e7\u0131kan \u00f6zelli\u011fi ise sat\u0131lan \u00fcr\u00fcnlerin ya da hizmetlerin vergi yasalar\u0131na uygun bir \u015fekilde yap\u0131lmas\u0131na katk\u0131 sa\u011flamas\u0131d\u0131r.<\/p>\n\n\n\n<p>M\u00fc\u015fteri ve firma bilgilerini eksiksiz \u015fekilde fatura belgesine aktard\u0131ktan sonra sat\u0131\u015fa y\u00f6nelik evrak olu\u015fturmak m\u00fcmk\u00fcnd\u00fcr. Bunun yan\u0131 s\u0131ra \u015fah\u0131s \u015firketi sahiplerinin finansal s\u00fcre\u00e7lerini h\u0131zland\u0131rmalar\u0131na&nbsp;katk\u0131 sa\u011flayan fatura kesme i\u015flemi, i\u015fletmelerin ticari faaliyetlerini d\u00fczenli \u015fekilde y\u00fcr\u00fctmelerinde de etkilidir. Fatura belgesinde yer alan bilgiler de i\u015fletmelerin vergi beyanname d\u00f6nemlerinde daha h\u0131zl\u0131 hesaplamalar yapabilmelerine imkan tan\u0131r. Sat\u0131lan \u00fcr\u00fcn veya hizmetin t\u00fcm detaylar\u0131yla belirtildi\u011fi \u015fah\u0131s \u015firketi faturalar\u0131, vergi yasalar\u0131yla uyumlu KDV oranlar\u0131n\u0131n hesaplanmas\u0131 a\u015famas\u0131n\u0131 da i\u00e7erir. Haz\u0131rlad\u0131\u011f\u0131m\u0131z rehber \u00fczerinden \u015fah\u0131s \u015firketi fatura kesmek nedir konusuna gelin birlikte bakal\u0131m.<\/p>\n\n\n\n<div id=\"ez-toc-container\" class=\"ez-toc-v2_0_82_2 counter-hierarchy ez-toc-counter ez-toc-white ez-toc-container-direction\">\n<div class=\"ez-toc-title-container\">\n<p class=\"ez-toc-title ez-toc-toggle\" style=\"cursor:pointer\">\u0130\u00e7indekiler<\/p>\n<span class=\"ez-toc-title-toggle\"><a href=\"#\" class=\"ez-toc-pull-right ez-toc-btn ez-toc-btn-xs ez-toc-btn-default ez-toc-toggle\" aria-label=\"\u0130\u00e7indekiler Tablosunu A\u00e7\/Kapat\"><span class=\"ez-toc-js-icon-con\"><span class=\"\"><span class=\"eztoc-hide\" style=\"display:none;\">Toggle<\/span><span class=\"ez-toc-icon-toggle-span\"><svg style=\"fill: #999;color:#999\" xmlns=\"http:\/\/www.w3.org\/2000\/svg\" class=\"list-377408\" width=\"20px\" height=\"20px\" viewBox=\"0 0 24 24\" fill=\"none\"><path d=\"M6 6H4v2h2V6zm14 0H8v2h12V6zM4 11h2v2H4v-2zm16 0H8v2h12v-2zM4 16h2v2H4v-2zm16 0H8v2h12v-2z\" fill=\"currentColor\"><\/path><\/svg><svg style=\"fill: #999;color:#999\" class=\"arrow-unsorted-368013\" xmlns=\"http:\/\/www.w3.org\/2000\/svg\" width=\"10px\" height=\"10px\" viewBox=\"0 0 24 24\" version=\"1.2\" baseProfile=\"tiny\"><path d=\"M18.2 9.3l-6.2-6.3-6.2 6.3c-.2.2-.3.4-.3.7s.1.5.3.7c.2.2.4.3.7.3h11c.3 0 .5-.1.7-.3.2-.2.3-.5.3-.7s-.1-.5-.3-.7zM5.8 14.7l6.2 6.3 6.2-6.3c.2-.2.3-.5.3-.7s-.1-.5-.3-.7c-.2-.2-.4-.3-.7-.3h-11c-.3 0-.5.1-.7.3-.2.2-.3.5-.3.7s.1.5.3.7z\"\/><\/svg><\/span><\/span><\/span><\/a><\/span><\/div>\n<nav><ul class='ez-toc-list ez-toc-list-level-1 eztoc-toggle-hide-by-default' ><li class='ez-toc-page-1 ez-toc-heading-level-2'><a class=\"ez-toc-link ez-toc-heading-1\" href=\"https:\/\/mukellef.co\/blog\/sahis-sirketi-fatura-kesme-rehberi\/#Sahis_Sirketi_Nasil_Fatura_Keser\" >\u015eah\u0131s \u015eirketi Nas\u0131l Fatura Keser?<\/a><\/li><li class='ez-toc-page-1 ez-toc-heading-level-2'><a class=\"ez-toc-link ez-toc-heading-2\" href=\"https:\/\/mukellef.co\/blog\/sahis-sirketi-fatura-kesme-rehberi\/#Sahis_Sirketi_E-Fatura_Kullanabilir_mi\" >\u015eah\u0131s \u015eirketi E-Fatura Kullanabilir mi?<\/a><\/li><li class='ez-toc-page-1 ez-toc-heading-level-2'><a class=\"ez-toc-link ez-toc-heading-3\" href=\"https:\/\/mukellef.co\/blog\/sahis-sirketi-fatura-kesme-rehberi\/#Sahis_Sirketi_Yurt_Disina_Fatura_Kesebilir_mi\" >\u015eah\u0131s \u015eirketi Yurt D\u0131\u015f\u0131na Fatura Kesebilir mi?<\/a><\/li><li class='ez-toc-page-1 ez-toc-heading-level-2'><a class=\"ez-toc-link ez-toc-heading-4\" href=\"https:\/\/mukellef.co\/blog\/sahis-sirketi-fatura-kesme-rehberi\/#Sahis_Sirketi_Fatura_Ornegi\" >\u015eah\u0131s \u015eirketi Fatura \u00d6rne\u011fi<\/a><\/li><li class='ez-toc-page-1 ez-toc-heading-level-2'><a class=\"ez-toc-link ez-toc-heading-5\" href=\"https:\/\/mukellef.co\/blog\/sahis-sirketi-fatura-kesme-rehberi\/#Mukellef_ile_Sahis_Sirketinizi_Yonetmek_Cok_Kolay\" >M\u00fckellef ile \u015eah\u0131s \u015eirketinizi Y\u00f6netmek \u00c7ok Kolay!<\/a><\/li><li class='ez-toc-page-1 ez-toc-heading-level-2'><a class=\"ez-toc-link ez-toc-heading-6\" href=\"https:\/\/mukellef.co\/blog\/sahis-sirketi-fatura-kesme-rehberi\/#Sahis_Sirketi_Fatura_Kesmek_Hakkinda_Sikca_Sorulan_Sorular\" >\u015eah\u0131s \u015eirketi Fatura Kesmek Hakk\u0131nda S\u0131k\u00e7a Sorulan Sorular<\/a><ul class='ez-toc-list-level-3' ><li class='ez-toc-heading-level-3'><a class=\"ez-toc-link ez-toc-heading-7\" href=\"https:\/\/mukellef.co\/blog\/sahis-sirketi-fatura-kesme-rehberi\/#Sahis_Sirketi_Fatura_Limiti_Nedir\" >\u015eah\u0131s \u015eirketi Fatura Limiti Nedir?<\/a><\/li><li class='ez-toc-page-1 ez-toc-heading-level-3'><a class=\"ez-toc-link ez-toc-heading-8\" href=\"https:\/\/mukellef.co\/blog\/sahis-sirketi-fatura-kesme-rehberi\/#Sahis_Sirketi_Limited_Sirketine_Tevkifatli_Fatura_Keser_mi\" >\u015eah\u0131s \u015eirketi Limited \u015eirketine Tevkifatl\u0131 Fatura Keser mi?<\/a><\/li><li class='ez-toc-page-1 ez-toc-heading-level-3'><a class=\"ez-toc-link ez-toc-heading-9\" href=\"https:\/\/mukellef.co\/blog\/sahis-sirketi-fatura-kesme-rehberi\/#Sahis_Sirketi_icin_Baskasi_Fatura_Alabilir_mi\" >\u015eah\u0131s \u015eirketi i\u00e7in Ba\u015fkas\u0131 Fatura Alabilir mi?<\/a><\/li><li class='ez-toc-page-1 ez-toc-heading-level-3'><a class=\"ez-toc-link ez-toc-heading-10\" href=\"https:\/\/mukellef.co\/blog\/sahis-sirketi-fatura-kesme-rehberi\/#Sahis_Sirketi_Kargo_ile_Yurt_Disina_Fatura_Kesebilir_mi\" >\u015eah\u0131s \u015eirketi Kargo ile Yurt D\u0131\u015f\u0131na Fatura Kesebilir mi?<\/a><\/li><\/ul><\/li><\/ul><\/nav><\/div>\n<h2 class=\"wp-block-heading\"><span class=\"ez-toc-section\" id=\"Sahis_Sirketi_Nasil_Fatura_Keser\"><\/span>\u015eah\u0131s \u015eirketi Nas\u0131l Fatura Keser?<span class=\"ez-toc-section-end\"><\/span><\/h2>\n\n\n\n<p>Tek ki\u015fi veya birden fazla ki\u015finin ortakl\u0131\u011f\u0131nda kurulan ticari yap\u0131lar, \u015fah\u0131s \u015firketi olarak tan\u0131mlan\u0131r. Vergi avantajlar\u0131 ve h\u0131zl\u0131 kurulum s\u00fcre\u00e7leri sayesinde s\u0131k\u00e7a tercih edilen \u015fah\u0131s \u015firketleri, ticari faaliyetlerinin \u00f6nemli b\u00f6l\u00fcm\u00fcn\u00fc fatura kesme i\u015flemiyle y\u00fcr\u00fct\u00fcr. Fatura kesme s\u00fcrecini anlamak ve do\u011fru \u015fekilde uygulamak ise \u015fah\u0131s \u015firketlerinin yasal sorumluluklar\u0131n\u0131 yerine getirmeleri a\u00e7\u0131s\u0131ndan \u00f6nemlidir. \u00d6deme takibini ve tahsilat s\u00fcrecini y\u00f6netmek amac\u0131yla kesilen faturalar i\u00e7in <a href=\"https:\/\/mukellef.co\/blog\/sahis-sirketi-kurma-maliyeti\/\">\u015fah\u0131s \u015firketi kurma maliyeti<\/a>&nbsp;a\u015famas\u0131nda belirli bir oranda harcama yaparak gerekli altyap\u0131y\u0131&nbsp;olu\u015fturmak ise olduk\u00e7a kolayd\u0131r.&nbsp;<\/p>\n\n\n\n<p>Mal veya hizmet sat\u0131\u015f\u0131 sonras\u0131nda \u015fah\u0131s \u015firketleri, m\u00fc\u015fteri bilgilerinin ve i\u015fletme kimli\u011finin yer ald\u0131\u011f\u0131 evrak \u00fczerinden fatura kesme s\u00fcrecini ba\u015flat\u0131r. Faturada ilgili b\u00f6l\u00fcmlere gerekli bilgiler eksiksiz ve do\u011fru \u015fekilde yaz\u0131l\u0131r. E-fatura kesme i\u015fleminde ise m\u00fc\u015fteri ve i\u015fletme bilgilerini online ortama aktarmak m\u00fcmk\u00fcnd\u00fcr. <\/p>\n\n\n\n<p>Ayr\u0131ca \u015fah\u0131s \u015firketleri fatura kesme s\u00fcreci sonunda olu\u015fan evrak\u0131 m\u00fc\u015fteriye, e-posta veya fiziki olarak g\u00f6nderebilir. Bu sayede tahsilat s\u00fcrecinin h\u0131zl\u0131ca ba\u015flamas\u0131 da ama\u00e7lan\u0131r. Bunun yan\u0131 s\u0131ra \u015fah\u0131s \u015firketlerinin fatura kesme i\u015flemi s\u0131ras\u0131nda vergi y\u00fck\u00fcml\u00fcl\u00fcklerini de g\u00f6z \u00f6n\u00fcnde bulundurmalar\u0131 gerekir. Kesilen faturan\u0131n yasal d\u00fczenlemelere uygun olarak haz\u0131rlanmas\u0131, vergisel sorumluluklar\u0131 do\u011fru \u015fekilde kar\u015f\u0131lamay\u0131 destekler. Gelir vergisi ve KDV gibi vergi t\u00fcrleri de \u015fah\u0131s \u015firketlerinin kesmi\u015f olduklar\u0131 fatura tutarlar\u0131 dikkate al\u0131narak hesaplan\u0131r. \u015eah\u0131s \u015firketlerinin kestikleri faturalar, beyanname d\u00f6nemlerini d\u00fczenli takip etmek i\u00e7in \u00f6nemlidir.&nbsp;<\/p>\n\n\n\n<p>\u015eah\u0131s \u015firketlerinin fatura kesme s\u00fcreci, i\u015fletmenin finansal y\u00f6netimi a\u00e7\u0131s\u0131ndan hayati \u00f6neme sahiptir. Do\u011fru fatura kesme y\u00f6ntemlerini se\u00e7mek ve vergi y\u00fck\u00fcml\u00fcl\u00fcklerini d\u00fczenli olarak yerine getirmek, i\u015fletmenin ba\u015far\u0131s\u0131 i\u00e7in \u00f6nemli ad\u0131mlard\u0131r. E-fatura \u00e7\u00f6z\u00fcmleri sayesinde ise \u015fah\u0131s \u015firketleri, finansal i\u015flemlerini h\u0131zl\u0131ca&nbsp;takip edebilir. Geleneksel faturalara g\u00f6re avantajl\u0131 g\u00f6r\u00fclen e-fatura sistemi, \u015fah\u0131s \u015firketlerinin zamandan ve maliyetten tasarruf ederek ticari i\u015flerini y\u00fcr\u00fctmelerine imkan tan\u0131r. \u015eah\u0131s \u015firketleri, e-fatura sistemine ge\u00e7i\u015f ile kestikleri faturalar\u0131 kolayca ar\u015fivleyebilir. Faturalar\u0131n ar\u015fivlenmesi daha \u00f6nceden kesilen evraklar\u0131 kolayca y\u00f6netmeye ve gerekti\u011finde incelemeye de f\u0131rsat verir. \u015eirketler, web tabanl\u0131 fatura program\u0131n\u0131 kullanarak, yasal d\u00fczenlemelere uygun faturalar\u0131 kolayca kesebilir. E-fatura y\u00f6ntemi, fiziki faturalara g\u00f6re daha d\u00fc\u015f\u00fck d\u00fczeyde hata yapma olana\u011f\u0131 tan\u0131r.<\/p>\n\n\n\n<h2 class=\"wp-block-heading\"><span class=\"ez-toc-section\" id=\"Sahis_Sirketi_E-Fatura_Kullanabilir_mi\"><\/span>\u015eah\u0131s \u015eirketi E-Fatura Kullanabilir mi?<span class=\"ez-toc-section-end\"><\/span><\/h2>\n\n\n\n<p>\u015eah\u0131s \u015firketleri, elektronik fatura programlar\u0131n\u0131 kullanabilir. E-fatura programlar\u0131, \u015fah\u0131s \u015firketlerinin fatura i\u015flemlerini dijital ortam \u00fczerinden modern bir \u015fekilde tamamlamalar\u0131na izin verir. E-fatura sistemini kullanarak, vergi dairelerine yap\u0131lmas\u0131 gerekli beyanname bildirim s\u00fcre\u00e7lerini h\u0131zland\u0131rmak da m\u00fcmk\u00fcnd\u00fcr. Ayr\u0131ca <a href=\"https:\/\/mukellef.co\/blog\/sahis-sirketi-aylik-giderleri\/\">\u015fah\u0131s \u015firketleri ayl\u0131k giderleri<\/a>&nbsp;aras\u0131nda d\u00fc\u015f\u00fck maliyetiyle \u00f6n plana \u00e7\u0131kan e-fatura platform uygulamas\u0131, servis sa\u011flay\u0131c\u0131s\u0131 \u00fczerinden h\u0131zl\u0131 ve g\u00fcvenilir fatura kesme i\u015flemleri yapabilmeye yard\u0131mc\u0131 olur. E-fatura sistemini kullanmak isteyen \u015fah\u0131s \u015firketleri, vergi dairelerine ba\u015fvuruda bulunarak m\u00fckellefiyetlik alabilir.<\/p>\n\n\n<div class=\"wp-block-image\">\n<figure class=\"aligncenter size-large\"><img decoding=\"async\" width=\"1024\" height=\"585\" src=\"https:\/\/mukellef.co\/blog\/wp-content\/uploads\/2024\/05\/sahis-sirketi-fatura-kesme-1024x585.webp\" alt=\"\u015fah\u0131s \u015firketi fatura kesme\" class=\"wp-image-7315\" title=\"\" srcset=\"https:\/\/mukellef.co\/blog\/wp-content\/uploads\/2024\/05\/sahis-sirketi-fatura-kesme-1024x585.webp 1024w, https:\/\/mukellef.co\/blog\/wp-content\/uploads\/2024\/05\/sahis-sirketi-fatura-kesme-300x171.webp 300w, https:\/\/mukellef.co\/blog\/wp-content\/uploads\/2024\/05\/sahis-sirketi-fatura-kesme-768x439.webp 768w, https:\/\/mukellef.co\/blog\/wp-content\/uploads\/2024\/05\/sahis-sirketi-fatura-kesme-1536x878.webp 1536w, https:\/\/mukellef.co\/blog\/wp-content\/uploads\/2024\/05\/sahis-sirketi-fatura-kesme.webp 1792w\" sizes=\"(max-width: 1024px) 100vw, 1024px\" \/><\/figure>\n<\/div>\n\n\n<p>\u015eah\u0131s \u015firketlerinin e-fatura uygulamas\u0131n\u0131 kullanmalar\u0131, i\u015fletmelere pek \u00e7ok y\u00f6nden avantaj sa\u011flar. Fatura kesme maliyetini ve k\u0131rtasiye masraflar\u0131n\u0131 azaltmada etkili e-fatura sistemi, veri giri\u015fi yanl\u0131\u015flar\u0131n\u0131 minimize etmeyi de m\u00fcmk\u00fcn hale getirir. \u00c7evre dostu kullan\u0131m \u00f6zelli\u011fiyle&nbsp;dikkatleri \u00e7eken e-fatura \u00e7\u00f6z\u00fcmleri, ka\u011f\u0131t kullan\u0131m\u0131n\u0131 azaltarak daha h\u0131zl\u0131 ve kolay ar\u015fivlenebilir faturalar kesmek amac\u0131yla tercih edilebilir. Vergi Usul Kanunu\u2019na g\u00f6re elektronik fatura m\u00fckellefiyetine sahip olan \u015firketler, ayl\u0131k bazda belirli bir b\u00fct\u00e7e ay\u0131rarak online ortamda kolayca fatura kesebilir. Kesilen faturalar\u0131n bulut tabanl\u0131 ortamlarda g\u00fcvenli bir altyap\u0131yla saklanabilmesi ise finansal aksakl\u0131klar\u0131 h\u0131zl\u0131ca sonu\u00e7land\u0131rmaya destek verir.<\/p>\n\n\n\n<h2 class=\"wp-block-heading\"><span class=\"ez-toc-section\" id=\"Sahis_Sirketi_Yurt_Disina_Fatura_Kesebilir_mi\"><\/span>\u015eah\u0131s \u015eirketi Yurt D\u0131\u015f\u0131na Fatura Kesebilir mi?<span class=\"ez-toc-section-end\"><\/span><\/h2>\n\n\n\n<p>Uluslararas\u0131 ticaret ger\u00e7ekle\u015ftiren ve hizmetlerini farkl\u0131 \u00fclkelerde sat\u0131\u015fa sunan \u015fah\u0131s \u015firketlerinin, yurt d\u0131\u015f\u0131na&nbsp;fatura kesmeleri m\u00fcmk\u00fcnd\u00fcr. Ancak \u015fah\u0131s \u015firketlerinin yurt d\u0131\u015f\u0131na fatura kesme s\u00fcre\u00e7lerinde dikkat etmeleri gereken baz\u0131 hususlar bulunur. Yurt d\u0131\u015f\u0131na \u015fah\u0131s \u015firketi fatura kesme s\u00fcrecinde \u00f6ne \u00e7\u0131kan \u00f6nemli noktalar \u015fu \u015fekildedir:<\/p>\n\n\n\n<ul class=\"wp-block-list\">\n<li>Fatura kesilmesi planlanan \u00fclkenin vergi mevzuat\u0131n\u0131n ve uluslararas\u0131 vergi anla\u015fmalar\u0131n\u0131n kapsam\u0131na g\u00f6re e-fatura haz\u0131rlamak gerekir.<\/li>\n\n\n\n<li>\u00dcr\u00fcn veya hizmet sat\u0131\u015f\u0131na ili\u015fkin kesilen faturan\u0131n al\u0131c\u0131 \u00fclkenin para birimine ve resmi diline uygun olmas\u0131n\u0131n gerekti\u011fi durumlarda bilgilerin e-faturada ilgili k\u0131s\u0131mlara do\u011fru \u015fekilde yaz\u0131lmas\u0131 \u00f6nemlidir.<\/li>\n\n\n\n<li>Yurt d\u0131\u015f\u0131na kesilen faturalar\u0131n \u00fczerinde tahsilat s\u00fcrecine ili\u015fkin \u00f6deme y\u00f6nteminin ne oldu\u011fu yaz\u0131lmal\u0131d\u0131r.<\/li>\n\n\n\n<li>Nakliye veya&nbsp;sigorta masraflar\u0131 gibi ek maliyetlerin olmas\u0131 durumunda yurt d\u0131\u015f\u0131 e-fatura \u00fczerinde i\u015flem ayr\u0131nt\u0131lar\u0131n\u0131n kapsaml\u0131 \u015fekilde yaz\u0131lmas\u0131na dikkat edilmelidir.<\/li>\n\n\n\n<li>\u0130hracat ger\u00e7ekle\u015ftiren \u015fah\u0131s \u015firketlerinin, g\u00fcmr\u00fck bildirimi veya ihracat beyannamesi gibi evraklar\u0131 m\u00fc\u015fteriye iletmesi gerekebilir.<\/li>\n\n\n\n<li>Y\u00fcksek miktarl\u0131 mal veya hizmet sat\u0131\u015flar\u0131nda e-fatura s\u00fcrecinde aksakl\u0131k veya hata gibi durumlar\u0131n ortaya \u00e7\u0131kmas\u0131n\u0131 \u00f6nlemek amac\u0131yla, elektronik fatura servis sa\u011flay\u0131c\u0131s\u0131na dan\u0131\u015fmak m\u00fcmk\u00fcnd\u00fcr.<\/li>\n<\/ul>\n\n\n\n<h2 class=\"wp-block-heading\"><span class=\"ez-toc-section\" id=\"Sahis_Sirketi_Fatura_Ornegi\"><\/span>\u015eah\u0131s \u015eirketi Fatura \u00d6rne\u011fi<span class=\"ez-toc-section-end\"><\/span><\/h2>\n\n\n\n<p>\u015eah\u0131s \u015firketi faturas\u0131, i\u015fletme ve m\u00fc\u015fteri ili\u015fkilerini netle\u015ftirmeye katk\u0131 sa\u011flar. Yap\u0131lan hizmet ya da&nbsp;\u00fcr\u00fcn sat\u0131\u015f\u0131na y\u00f6nelik haz\u0131rlanan faturalar, ticari i\u015fleri resmile\u015ftirmek amac\u0131yla d\u00fczenlenir. Finansal i\u015flemleri d\u00fczenli takip etmeye ve gelirleri kay\u0131t alt\u0131na almaya yard\u0131mc\u0131 olan faturalar; m\u00fc\u015fteri bilgileri, tarih, i\u015fletmenin vergi kimlik numaras\u0131, \u00fcr\u00fcn veya hizmet a\u00e7\u0131klamalar\u0131, birim fiyat, toptan fiyat, fatura t\u00fcr\u00fcne g\u00f6re KDV oran\u0131, KDV dahil toplam sat\u0131\u015f tutar\u0131 ve toplam fiyat gibi bilgileri i\u00e7erir. E-faturalarda veya fiziki faturalarda, mal ya da hizmet sat\u0131\u015f\u0131na ili\u015fkin verilerin evrak \u00fczerinde iligli alana do\u011fru \u015fekilde yaz\u0131lmas\u0131, dikkatlice toplanmas\u0131 ve faturan\u0131n m\u00fc\u015fteriye zaman\u0131nda iletilmesi ise finansal i\u015flemleri do\u011fru bi\u00e7imde y\u00fcr\u00fctmeyi destekler.&nbsp;<\/p>\n\n\n\n<p><strong>A\u015fa\u011f\u0131daki formu doldurarak \u015fah\u0131s \u015firketi fatura \u00f6rne\u011fini PDF format\u0131nda indirebilirsiniz.<\/strong><\/p>\n\n\n<p><script charset=\"utf-8\" type=\"text\/javascript\" src=\"\/\/js.hsforms.net\/forms\/embed\/v2.js\"><\/script><br \/>\n<script>\n  hbspt.forms.create({\n    region: \"na1\",\n    portalId: \"5318651\",\n    formId: \"b26153bd-eae6-4e34-ad84-cfe44dd77372\"\n  });\n<\/script><\/p>\n\n\n\n<p>Yurt i\u00e7i ve yurt d\u0131\u015f\u0131 e-faturalar\u0131n haz\u0131rlanma a\u015famalar\u0131 ise birbirinden farkl\u0131 olabilir. Fatura t\u00fcr\u00fcne g\u00f6re gereken&nbsp;a\u00e7\u0131klamalar\u0131n mutlaka evrak \u00fczerinde ilgili yerlere yaz\u0131lmas\u0131, yurt d\u0131\u015f\u0131 sat\u0131\u015f s\u00fcrecinin etkili hale gelmesine olanak tan\u0131r. Ayr\u0131ca \u015fah\u0131s \u015firketi fatura kesmek i\u00e7in yurt i\u00e7ine&nbsp;y\u00f6nelik gerekli altyap\u0131y\u0131&nbsp;haz\u0131rlamak ve verileri evrak t\u00fcr\u00fcne g\u00f6re ilgili alanlara a\u00e7\u0131k\u00e7a yazmak, i\u015fletmenin yasal a\u00e7\u0131dan sorumluluklar\u0131n\u0131 h\u0131zl\u0131ca tamamlamas\u0131 y\u00f6n\u00fcnden \u00f6nemlidir. \u0130\u015fletmenin ad\u0131n\u0131n, adresinin veya yetkili imzas\u0131n\u0131n bulunmad\u0131\u011f\u0131 faturalar\u0131n ise ge\u00e7ersiz olabilece\u011fini unutmamak gerekir. Siz de M\u00fckellef e-fatura \u00e7\u00f6z\u00fcmlerini kullanabilir, <a href=\"https:\/\/mukellef.co\/blog\/home-ofis-sahis-sirketi-ilgili-4-onemli-bilgi\/\">home ofis<\/a>&nbsp;ortamda i\u015fletmenizin fatura d\u00fczenleme s\u00fcrecini daha etkili ve do\u011fru \u015fekilde y\u00f6netebilirsiniz.<\/p>\n\n\n\n<h2 class=\"wp-block-heading\"><span class=\"ez-toc-section\" id=\"Mukellef_ile_Sahis_Sirketinizi_Yonetmek_Cok_Kolay\"><\/span>M\u00fckellef ile \u015eah\u0131s \u015eirketinizi Y\u00f6netmek \u00c7ok Kolay!<span class=\"ez-toc-section-end\"><\/span><\/h2>\n\n\n\n<p>Modern ve etkili bir altyap\u0131yla m\u00fc\u015fterilerine hizmet veren M\u00fckellef, sa\u011flam\u0131\u015f oldu\u011fu <a href=\"https:\/\/mukellef.co\/tr\/sahis-sirketi\/\" target=\"_blank\" rel=\"noreferrer noopener\">\u015fah\u0131s \u015firketi<\/a>&nbsp;y\u00f6netim uygulamas\u0131 ile i\u015fletme sahiplerine kendi ticari yollar\u0131n\u0131 \u00e7izme f\u0131rsat\u0131 verir. Maliyetten ve zamandan tasarruf etme imkan\u0131 da tan\u0131yan M\u00fckellef\u2019le&nbsp;\u015fah\u0131s \u015firketi y\u00f6netmek, i\u015fletmenin ticari i\u015flerini pratik \u015fekilde s\u00fcrd\u00fcrmeye olanak tan\u0131r. Gelece\u011fe g\u00fcvenle bakmak, fatura kesme s\u00fcre\u00e7lerini online uygulama sayesinde h\u0131zl\u0131ca&nbsp;tamamlamak ve finansal \u00e7\u00f6z\u00fcmlere kolayca ula\u015fmak i\u00e7in M\u00fckellef&nbsp;hizmetlerinden siz de hemen yararlanabilirsiniz.<\/p>\n\n\n\n\t\t<!--HubSpot Call-to-Action Code -->\n\t\t<span class=\"hs-cta-wrapper\" id=\"hs-cta-wrapper-ac2da2e8-ee26-4a10-9b21-da30e6f43bf6\">\n\t\t<span class=\"hs-cta-node hs-cta-ac2da2e8-ee26-4a10-9b21-da30e6f43bf6\" id=\"ac2da2e8-ee26-4a10-9b21-da30e6f43bf6\">\n\t\t<!--[if lte IE 8]>\n\t\t<div id=\"hs-cta-ie-element\"><\/div>\n\t\t<![endif]-->\n\t\t<a href=\"https:\/\/cta-redirect.hubspot.com\/cta\/redirect\/5318651\/ac2da2e8-ee26-4a10-9b21-da30e6f43bf6\" target=\"_blank\" rel=\"noopener\">\n\t\t<img decoding=\"async\" class=\"hs-cta-img\" id=\"hs-cta-img-ac2da2e8-ee26-4a10-9b21-da30e6f43bf6\" style=\"border-width:0px;\" src=\"https:\/\/no-cache.hubspot.com\/cta\/default\/5318651\/ac2da2e8-ee26-4a10-9b21-da30e6f43bf6.png\" alt=\"New call-to-action\" title=\"\">\n\t\t<\/a>\n\t\t<\/span>\n\t\t<script charset=\"utf-8\" src=\"\/\/js.hubspot.com\/cta\/current.js\"><\/script>\n\t\t<script>\n\t\thbspt.cta.load(5318651, 'ac2da2e8-ee26-4a10-9b21-da30e6f43bf6', {});\n\t\t<\/script>\n\t\t<\/span>\n\t\t<!-- end HubSpot Call-to-Action Code -->\n\t\t\n\n\n\n<h2 class=\"wp-block-heading\"><span class=\"ez-toc-section\" id=\"Sahis_Sirketi_Fatura_Kesmek_Hakkinda_Sikca_Sorulan_Sorular\"><\/span>\u015eah\u0131s \u015eirketi Fatura Kesmek Hakk\u0131nda S\u0131k\u00e7a Sorulan Sorular<span class=\"ez-toc-section-end\"><\/span><\/h2>\n\n\n\n<p>\u015eah\u0131s \u015firketi fatura kesmek hakk\u0131nda s\u0131k\u00e7a sorulan sorulara buradan ula\u015fabilirsiniz.<\/p>\n\n\n\n<h3 class=\"wp-block-heading\"><span class=\"ez-toc-section\" id=\"Sahis_Sirketi_Fatura_Limiti_Nedir\"><\/span>\u015eah\u0131s \u015eirketi Fatura Limiti Nedir?<span class=\"ez-toc-section-end\"><\/span><\/h3>\n\n\n\n<p>\u015eah\u0131s \u015firketi fatura limiti, i\u015fletmelerin y\u0131ll\u0131k ciro miktarlar\u0131na ba\u011fl\u0131 olarak belirlenen ve fatura kesme gereklili\u011fini belirleyen unsur olarak a\u00e7\u0131klanabilir. <strong>1 Ocak 2026<\/strong> tarihinden itibaren ge\u00e7erli olmak \u00fczere;<\/p>\n\n\n\n<ul class=\"wp-block-list\">\n<li><strong>Fatura D\u00fczenleme Mecburiyeti S\u0131n\u0131r\u0131:<\/strong> Vergi Usul Kanunu (VUK 232) kapsam\u0131nda, bir m\u00fc\u015fteriye yap\u0131lan sat\u0131\u015f\u0131n tutar\u0131 <strong>8.650TL<\/strong>\u00a0 ve \u00fczerindeyse fatura kesilmesi zorunludur. Bu tutar\u0131n alt\u0131ndaki sat\u0131\u015flar i\u00e7in teknik olarak perakende sat\u0131\u015f fi\u015fi d\u00fczenlenebilir.<\/li>\n\n\n\n<li><strong>Dijital Fatura Zorunlulu\u011fu (S\u0131f\u0131r Limit):<\/strong> 2026 y\u0131l\u0131 itibar\u0131yla &#8220;ka\u011f\u0131t fatura&#8221; devri tamamen kapanm\u0131\u015ft\u0131r. 1 Ocak 2026&#8217;dan itibaren tutar\u0131 ne olursa olsun (<strong>1 TL dahi olsa<\/strong>) d\u00fczenlenen t\u00fcm faturalar\u0131n dijital ortamda (<strong>e-Ar\u015fiv Fatura<\/strong> veya <strong>e-Fatura<\/strong>) d\u00fczenlenmesi zorunludur.<\/li>\n<\/ul>\n\n\n\n<h3 class=\"wp-block-heading\"><span class=\"ez-toc-section\" id=\"Sahis_Sirketi_Limited_Sirketine_Tevkifatli_Fatura_Keser_mi\"><\/span>\u015eah\u0131s \u015eirketi Limited \u015eirketine Tevkifatl\u0131 Fatura Keser mi?<span class=\"ez-toc-section-end\"><\/span><\/h3>\n\n\n\n<p>\u015eah\u0131s \u015firketleri yapm\u0131\u015f olduklar\u0131 hizmet veya mal sat\u0131\u015f\u0131na ili\u015fkin limited \u015firketlere tevkifatl\u0131 fatura kesebilir. Fiziki veya e-fatura olarak kesilen tevkifatl\u0131 faturalar, limited \u015firketine e-posta veya fiziki yollarla iletilebilir.<\/p>\n\n\n\n<h3 class=\"wp-block-heading\"><span class=\"ez-toc-section\" id=\"Sahis_Sirketi_icin_Baskasi_Fatura_Alabilir_mi\"><\/span>\u015eah\u0131s \u015eirketi i\u00e7in Ba\u015fkas\u0131 Fatura Alabilir mi?<span class=\"ez-toc-section-end\"><\/span><\/h3>\n\n\n\n<p>\u015eah\u0131s \u015firketi taraf\u0131ndan kesilen fatura ilgili ticari ili\u015fkide yer alan m\u00fc\u015fteri taraf\u0131ndan al\u0131nabilir. S\u00f6zl\u00fc ve yaz\u0131l\u0131 akitte ismi ge\u00e7en m\u00fc\u015fteri taraf\u0131ndan teslim al\u0131nan fatura kar\u015f\u0131l\u0131\u011f\u0131nda \u015fah\u0131s \u015firketine toplam tutar \u00fczerinden \u00f6deme yap\u0131l\u0131r.<\/p>\n\n\n\n<h3 class=\"wp-block-heading\"><span class=\"ez-toc-section\" id=\"Sahis_Sirketi_Kargo_ile_Yurt_Disina_Fatura_Kesebilir_mi\"><\/span>\u015eah\u0131s \u015eirketi Kargo ile Yurt D\u0131\u015f\u0131na Fatura Kesebilir mi?<span class=\"ez-toc-section-end\"><\/span><\/h3>\n\n\n\n<p>\u015eah\u0131s \u015firketi, yurt d\u0131\u015f\u0131na yapm\u0131\u015f oldu\u011fu sat\u0131\u015flarda kesmi\u015f oldu\u011fu faturay\u0131 kargo ile kar\u015f\u0131 tarafa g\u00f6nderebilir. Yurt d\u0131\u015f\u0131 e-fatura uygulamas\u0131 hizmetiyle, uluslararas\u0131 alanda yap\u0131lan \u00fcr\u00fcn ya da hizmet sat\u0131\u015flar\u0131na y\u00f6nelik faturalar\u0131 k\u0131sa s\u00fcrede online ortamda iletmek m\u00fcmk\u00fcnd\u00fcr.<\/p>\n","protected":false},"excerpt":{"rendered":"<p>\u015eah\u0131s \u015firketi sahipleri, fatura kesme i\u015fleminin karma\u015f\u0131k bir s\u00fcre\u00e7 oldu\u011funu d\u00fc\u015f\u00fcnebilir. \u015eah\u0131s \u015firketi fatura kesmek, ticari i\u015fleri verimli \u015fekilde y\u00fcr\u00fctmek a\u00e7\u0131s\u0131ndan kritik \u00f6neme sahiptir. Yeni giri\u015fimciler ya da \u015firket yetkilileri, fatura kesme s\u00fcrecinin detaylar\u0131yla ilgili bilgi sahibi olduktan sonra rahat\u00e7a finansal s\u00fcre\u00e7lerini y\u00f6netebilir. Ayr\u0131ca \u015fah\u0131s \u015firketlerinin ticari faaliyetlerini resmile\u015ftirmeleri i\u00e7in gerekli olan fatura kesme i\u015flemi, &#8230;<\/p>\n","protected":false},"author":29,"featured_media":7333,"comment_status":"open","ping_status":"open","sticky":false,"template":"","format":"standard","meta":{"content-type":"","inline_featured_image":false,"footnotes":""},"categories":[382],"tags":[],"class_list":["post-7314","post","type-post","status-publish","format-standard","has-post-thumbnail","hentry","category-sirket-yonetimi"],"_links":{"self":[{"href":"https:\/\/mukellef.co\/blog\/wp-json\/wp\/v2\/posts\/7314","targetHints":{"allow":["GET"]}}],"collection":[{"href":"https:\/\/mukellef.co\/blog\/wp-json\/wp\/v2\/posts"}],"about":[{"href":"https:\/\/mukellef.co\/blog\/wp-json\/wp\/v2\/types\/post"}],"author":[{"embeddable":true,"href":"https:\/\/mukellef.co\/blog\/wp-json\/wp\/v2\/users\/29"}],"replies":[{"embeddable":true,"href":"https:\/\/mukellef.co\/blog\/wp-json\/wp\/v2\/comments?post=7314"}],"version-history":[{"count":6,"href":"https:\/\/mukellef.co\/blog\/wp-json\/wp\/v2\/posts\/7314\/revisions"}],"predecessor-version":[{"id":11759,"href":"https:\/\/mukellef.co\/blog\/wp-json\/wp\/v2\/posts\/7314\/revisions\/11759"}],"wp:featuredmedia":[{"embeddable":true,"href":"https:\/\/mukellef.co\/blog\/wp-json\/wp\/v2\/media\/7333"}],"wp:attachment":[{"href":"https:\/\/mukellef.co\/blog\/wp-json\/wp\/v2\/media?parent=7314"}],"wp:term":[{"taxonomy":"category","embeddable":true,"href":"https:\/\/mukellef.co\/blog\/wp-json\/wp\/v2\/categories?post=7314"},{"taxonomy":"post_tag","embeddable":true,"href":"https:\/\/mukellef.co\/blog\/wp-json\/wp\/v2\/tags?post=7314"}],"curies":[{"name":"wp","href":"https:\/\/api.w.org\/{rel}","templated":true}]}}