{"id":7979,"date":"2024-09-02T17:47:18","date_gmt":"2024-09-02T14:47:18","guid":{"rendered":"https:\/\/mukellef.co\/blog\/?p=7979"},"modified":"2024-11-19T15:10:44","modified_gmt":"2024-11-19T12:10:44","slug":"vergi-kanunlarinda-yapilan-degisiklikler","status":"publish","type":"post","link":"https:\/\/mukellef.co\/blog\/vergi-kanunlarinda-yapilan-degisiklikler\/","title":{"rendered":"Vergi Kanunlar\u0131nda Yap\u0131lan De\u011fi\u015fiklikler (A\u011fustos 2024)"},"content":{"rendered":"\n<p>02.08.2024 tarihinde Resmi Gazete\u2019de yay\u0131mlanan kanunla vergi mevzuat\u0131nda vergi m\u00fckellefleri ve i\u015f d\u00fcnyas\u0131 i\u00e7in \u00f6nemli de\u011fi\u015fikler yap\u0131lm\u0131\u015ft\u0131r. <strong>Kurumlar Vergisi Kanunu<\/strong>, <strong>Gelir Vergisi Kanunu<\/strong>, <strong>Katma De\u011fer Vergisi Kanunu<\/strong> ve <strong>Vergi Usul Kanunu<\/strong> gibi alanlarda yap\u0131lan d\u00fczenlemeler vergi m\u00fckelleflerinin uyum s\u00fcre\u00e7lerini yak\u0131ndan etkileyebilecek de\u011fi\u015fikliklerdir. Bu yaz\u0131m\u0131zda vergi kanunlar\u0131nda yap\u0131lan de\u011fi\u015fiklikler ve i\u015fleyi\u015fini detayl\u0131 bir \u015fekilde ele alaca\u011f\u0131z.<\/p>\n\n\n\n<div id=\"ez-toc-container\" class=\"ez-toc-v2_0_82_2 counter-hierarchy ez-toc-counter ez-toc-white ez-toc-container-direction\">\n<div class=\"ez-toc-title-container\">\n<p class=\"ez-toc-title ez-toc-toggle\" style=\"cursor:pointer\">\u0130\u00e7indekiler<\/p>\n<span class=\"ez-toc-title-toggle\"><a href=\"#\" class=\"ez-toc-pull-right ez-toc-btn ez-toc-btn-xs ez-toc-btn-default ez-toc-toggle\" aria-label=\"\u0130\u00e7indekiler Tablosunu A\u00e7\/Kapat\"><span class=\"ez-toc-js-icon-con\"><span class=\"\"><span class=\"eztoc-hide\" style=\"display:none;\">Toggle<\/span><span class=\"ez-toc-icon-toggle-span\"><svg style=\"fill: #999;color:#999\" xmlns=\"http:\/\/www.w3.org\/2000\/svg\" class=\"list-377408\" width=\"20px\" height=\"20px\" viewBox=\"0 0 24 24\" fill=\"none\"><path d=\"M6 6H4v2h2V6zm14 0H8v2h12V6zM4 11h2v2H4v-2zm16 0H8v2h12v-2zM4 16h2v2H4v-2zm16 0H8v2h12v-2z\" fill=\"currentColor\"><\/path><\/svg><svg style=\"fill: #999;color:#999\" class=\"arrow-unsorted-368013\" xmlns=\"http:\/\/www.w3.org\/2000\/svg\" width=\"10px\" height=\"10px\" viewBox=\"0 0 24 24\" version=\"1.2\" baseProfile=\"tiny\"><path d=\"M18.2 9.3l-6.2-6.3-6.2 6.3c-.2.2-.3.4-.3.7s.1.5.3.7c.2.2.4.3.7.3h11c.3 0 .5-.1.7-.3.2-.2.3-.5.3-.7s-.1-.5-.3-.7zM5.8 14.7l6.2 6.3 6.2-6.3c.2-.2.3-.5.3-.7s-.1-.5-.3-.7c-.2-.2-.4-.3-.7-.3h-11c-.3 0-.5.1-.7.3-.2.2-.3.5-.3.7s.1.5.3.7z\"\/><\/svg><\/span><\/span><\/span><\/a><\/span><\/div>\n<nav><ul class='ez-toc-list ez-toc-list-level-1 eztoc-toggle-hide-by-default' ><li class='ez-toc-page-1 ez-toc-heading-level-2'><a class=\"ez-toc-link ez-toc-heading-1\" href=\"https:\/\/mukellef.co\/blog\/vergi-kanunlarinda-yapilan-degisiklikler\/#Kurumlar_Vergisi_Kanununda_Yapilan_Duzenlemeler\" >Kurumlar Vergisi Kanunu\u2019nda Yap\u0131lan D\u00fczenlemeler<\/a><ul class='ez-toc-list-level-3' ><li class='ez-toc-heading-level-3'><a class=\"ez-toc-link ez-toc-heading-2\" href=\"https:\/\/mukellef.co\/blog\/vergi-kanunlarinda-yapilan-degisiklikler\/#Yurt_Ici_Asgari_Kurumlar_Vergisi_Uygulamasina_Iliskin_Duzenleme\" >Yurt \u0130\u00e7i Asgari Kurumlar Vergisi Uygulamas\u0131na \u0130li\u015fkin D\u00fczenleme<\/a><\/li><li class='ez-toc-page-1 ez-toc-heading-level-3'><a class=\"ez-toc-link ez-toc-heading-3\" href=\"https:\/\/mukellef.co\/blog\/vergi-kanunlarinda-yapilan-degisiklikler\/#Elektronik_Ticaret_Araci_Hizmet_Saglayicilarina_Yonelik_Vergi_Duzenlemeleri\" >Elektronik Ticaret Arac\u0131 Hizmet Sa\u011flay\u0131c\u0131lar\u0131na Y\u00f6nelik Vergi D\u00fczenlemeleri<\/a><\/li><\/ul><\/li><li class='ez-toc-page-1 ez-toc-heading-level-2'><a class=\"ez-toc-link ez-toc-heading-4\" href=\"https:\/\/mukellef.co\/blog\/vergi-kanunlarinda-yapilan-degisiklikler\/#Gelir_Vergisi_Kanununda_Yapilan_Duzenlemeler\" >Gelir Vergisi Kanunu\u2019nda Yap\u0131lan D\u00fczenlemeler<\/a><\/li><li class='ez-toc-page-1 ez-toc-heading-level-2'><a class=\"ez-toc-link ez-toc-heading-5\" href=\"https:\/\/mukellef.co\/blog\/vergi-kanunlarinda-yapilan-degisiklikler\/#Katma_Deger_Vergisi_Kanununda_Yapilan_Duzenlemeler\" >Katma De\u011fer Vergisi Kanunu\u2019nda Yap\u0131lan D\u00fczenlemeler<\/a><ul class='ez-toc-list-level-3' ><li class='ez-toc-heading-level-3'><a class=\"ez-toc-link ez-toc-heading-6\" href=\"https:\/\/mukellef.co\/blog\/vergi-kanunlarinda-yapilan-degisiklikler\/#Bes_Yil_Sureyle_Indirim_Yoluyla_Giderilemeyen_Katma_Deger_Vergisi_Uygulamasina_Iliskin_Duzenleme\" >Be\u015f Y\u0131l S\u00fcreyle \u0130ndirim Yoluyla Giderilemeyen Katma De\u011fer Vergisi Uygulamas\u0131na \u0130li\u015fkin D\u00fczenleme<\/a><\/li><li class='ez-toc-page-1 ez-toc-heading-level-3'><a class=\"ez-toc-link ez-toc-heading-7\" href=\"https:\/\/mukellef.co\/blog\/vergi-kanunlarinda-yapilan-degisiklikler\/#KDV_Iadelerindeki_Esas_Usulun_Vergi_Incelemesi_Olarak_Belirlenmesi\" >KDV \u0130adelerindeki Esas Usul\u00fcn Vergi \u0130ncelemesi Olarak Belirlenmesi<\/a><\/li><\/ul><\/li><li class='ez-toc-page-1 ez-toc-heading-level-2'><a class=\"ez-toc-link ez-toc-heading-8\" href=\"https:\/\/mukellef.co\/blog\/vergi-kanunlarinda-yapilan-degisiklikler\/#Vergi_Usul_Kanununda_Yapilan_Duzenlemeler\" >Vergi Usul Kanunu\u2019nda Yap\u0131lan D\u00fczenlemeler<\/a><\/li><li class='ez-toc-page-1 ez-toc-heading-level-2'><a class=\"ez-toc-link ez-toc-heading-9\" href=\"https:\/\/mukellef.co\/blog\/vergi-kanunlarinda-yapilan-degisiklikler\/#Vergi_Sureclerinizi_Mukellef_ile_Yonetin\" >Vergi S\u00fcre\u00e7lerinizi M\u00fckellef ile Y\u00f6netin!<\/a><\/li><\/ul><\/nav><\/div>\n<h2 class=\"wp-block-heading\"><span class=\"ez-toc-section\" id=\"Kurumlar_Vergisi_Kanununda_Yapilan_Duzenlemeler\"><\/span>Kurumlar Vergisi Kanunu\u2019nda Yap\u0131lan D\u00fczenlemeler<span class=\"ez-toc-section-end\"><\/span><\/h2>\n\n\n\n<p>Kurumlar Vergisi Kanunu ad\u0131na yap\u0131lan de\u011fi\u015fikliklerle, yurt i\u00e7i asgari <a href=\"https:\/\/mukellef.co\/blog\/kurumlar-vergisi-nedir-nasil-hesaplanir\/\">kurumlar vergisi<\/a> uygulamas\u0131 getirilmi\u015ftir. Ayr\u0131ca, elektronik ticaret arac\u0131 hizmet sa\u011flay\u0131c\u0131lar\u0131na y\u00f6nelik yeni bir stopaj y\u00fck\u00fcml\u00fcl\u00fc\u011f\u00fc getirilmi\u015ftir.<\/p>\n\n\n\n<h3 class=\"wp-block-heading\"><span class=\"ez-toc-section\" id=\"Yurt_Ici_Asgari_Kurumlar_Vergisi_Uygulamasina_Iliskin_Duzenleme\"><\/span>Yurt \u0130\u00e7i Asgari Kurumlar Vergisi Uygulamas\u0131na \u0130li\u015fkin D\u00fczenleme<span class=\"ez-toc-section-end\"><\/span><\/h3>\n\n\n\n<p>Kanun teklifinin 36. maddesi ile yurt i\u00e7i asgari kurumlar vergisi uygulamas\u0131 getirildi. Bu yeni d\u00fczenleme ile birlikte m\u00fckelleflerinin \u00f6deyecekleri kurumlar vergisi, ticari bilan\u00e7o kar\u0131na kanunen kabul edilmeyen giderlerin eklenmesiyle elde edilen kazan\u00e7 \u00fczerinden, kanun teklifinde \u00f6ng\u00f6r\u00fclen istisna ve indirimler d\u00fc\u015f\u00fcld\u00fckten sonra kalan kurum kazanc\u0131n\u0131n %10\u2019undan az olamayacakt\u0131r.<\/p>\n\n\n\n<p>\u0130lk defa faaliyete ba\u015flayan kurumlar vergisi m\u00fckellefleri ise bu uygulamadan bir s\u00fcre muaf tutulacak ve faaliyete ba\u015flad\u0131klar\u0131 hesap d\u00f6neminden itibaren 3 hesap d\u00f6nemi boyunca asgari kurumlar vergisi \u00f6demeyeceklerdir.<\/p>\n\n\n\n<p>Bu d\u00fczenleme ayr\u0131ca ge\u00e7ici vergi d\u00f6nemlerinde de uygulanacakt\u0131r. Bu d\u00fczenlemeler, 2025 y\u0131l\u0131 ve sonraki vergilendirme d\u00f6nemlerinde elde edilen kazan\u00e7lar i\u00e7in ge\u00e7erli olacakt\u0131r. \u00d6zel hesap d\u00f6nemine tabi olan kurumlar i\u00e7in ise 2025 takvim y\u0131l\u0131nda ba\u015flayan \u00f6zel hesap d\u00f6nemi ve sonraki vergilendirme d\u00f6nemlerinde elde edilen kazan\u00e7lar bu d\u00fczenlemeye tabi olacakt\u0131r.<\/p>\n\n\n\n<h3 class=\"wp-block-heading\"><span class=\"ez-toc-section\" id=\"Elektronik_Ticaret_Araci_Hizmet_Saglayicilarina_Yonelik_Vergi_Duzenlemeleri\"><\/span>Elektronik Ticaret Arac\u0131 Hizmet Sa\u011flay\u0131c\u0131lar\u0131na Y\u00f6nelik Vergi D\u00fczenlemeleri<span class=\"ez-toc-section-end\"><\/span><\/h3>\n\n\n\n<p>1 Ocak 2025 itibariyle y\u00fcr\u00fcrl\u00fc\u011fe girecek d\u00fczenlemeye g\u00f6re, elektronik ticaret pazar yerleri, platformlar\u0131nda sat\u0131\u015f yapan sat\u0131c\u0131lardan elde ettikleri kazan\u00e7 \u00fczerinden vergi kesintisi yapacak. Bu vergileri do\u011frudan vergi dairesine \u00f6deyecekler. Sat\u0131c\u0131lar, y\u0131l sonunda stopaj yoluyla tahsil edilen vergileri vergi beyannamelerinde mahsup edebilecekler.<\/p>\n\n\n\n<h2 class=\"wp-block-heading\"><span class=\"ez-toc-section\" id=\"Gelir_Vergisi_Kanununda_Yapilan_Duzenlemeler\"><\/span>Gelir Vergisi Kanunu\u2019nda Yap\u0131lan D\u00fczenlemeler<span class=\"ez-toc-section-end\"><\/span><\/h2>\n\n\n\n<p>Avukat, doktor, di\u015f hekimi gibi serbest meslek sahipleri ile eczac\u0131 ve restoran sahipleri gibi ticari faaliyette bulunan m\u00fckelleflere yoklama memurlar\u0131 taraf\u0131ndan belirli aral\u0131klarla yap\u0131lan yoklamalar sonucunda tespit edilen g\u00fcnl\u00fck has\u0131lat tutar\u0131n\u0131n ortalamas\u0131 al\u0131narak m\u00fckelleflerin ayl\u0131k ve y\u0131ll\u0131k has\u0131lat tutarlar\u0131 hesaplanacakt\u0131r.<\/p>\n\n\n\n<p>Bu y\u00f6ntemle tespit edilen has\u0131lat tutarlar\u0131, m\u00fckelleflerin beyan ettikleri has\u0131lat tutarlar\u0131yla kar\u015f\u0131la\u015ft\u0131r\u0131lacak ve e\u011fer fark %20\u2019yi a\u015farsa, m\u00fckellefler Vergi Usul Kanunu \u00e7er\u00e7evesinde izaha davet edilecektir. Bu d\u00fczenleme, kurumlar vergisi m\u00fckellefleri i\u00e7in de ge\u00e7erli olacakt\u0131r. De\u011fi\u015fiklikler, kanunun yay\u0131mland\u0131\u011f\u0131 tarihten itibaren y\u00fcr\u00fcrl\u00fc\u011fe girmi\u015ftir.&nbsp;D\u00fczenleme 01.01.2025 tarihinde y\u00fcr\u00fcrl\u00fc\u011fe girecektir.<\/p>\n\n\n\n<h2 class=\"wp-block-heading\"><span class=\"ez-toc-section\" id=\"Katma_Deger_Vergisi_Kanununda_Yapilan_Duzenlemeler\"><\/span>Katma De\u011fer Vergisi Kanunu\u2019nda Yap\u0131lan D\u00fczenlemeler<span class=\"ez-toc-section-end\"><\/span><\/h2>\n\n\n\n<p>Yeni yasalarla birlikte Katma De\u011fer Vergisi (<a href=\"https:\/\/mukellef.co\/blog\/kdv-nedir-hesaplamasi-nasil-yapilir\/\">KDV<\/a>) Kanunu\u2019nda \u00f6nemli de\u011fi\u015fiklikler y\u00fcr\u00fcrl\u00fc\u011fe girmi\u015ftir. Bu d\u00fczenlemeler m\u00fckelleflerin KDV indirimleri ve iadeleri konusunda daha dikkatli ve planl\u0131 olmalar\u0131n\u0131 gerektirecek yenilikler i\u00e7ermektedir.<\/p>\n\n\n\n<h3 class=\"wp-block-heading\"><span class=\"ez-toc-section\" id=\"Bes_Yil_Sureyle_Indirim_Yoluyla_Giderilemeyen_Katma_Deger_Vergisi_Uygulamasina_Iliskin_Duzenleme\"><\/span>Be\u015f Y\u0131l S\u00fcreyle \u0130ndirim Yoluyla Giderilemeyen Katma De\u011fer Vergisi Uygulamas\u0131na \u0130li\u015fkin D\u00fczenleme<span class=\"ez-toc-section-end\"><\/span><\/h3>\n\n\n\n<p>KDV uygulamas\u0131nda, m\u00fckelleflerin mal ve hizmet al\u0131mlar\u0131 nedeniyle y\u00fcklendikleri KDV\u2019nin ilgili d\u00f6nemde indirilememesi durumunda bu tutar sonraki d\u00f6neme devredilmekteydi. \u00d6nceki uygulamalarda bu devreden KDV tutar\u0131n\u0131n indirimine ili\u015fkin herhangi bir s\u00fcre bulunmazken yeni d\u00fczenleme ile bu s\u00fcre s\u0131n\u0131rland\u0131r\u0131lm\u0131\u015ft\u0131r. Yeni d\u00fczenleme ile 5 takvim y\u0131l\u0131 veya daha fazla s\u00fcreyle devreden KDV tutarlar\u0131 KDV hesaplar\u0131ndan \u00e7\u0131kar\u0131larak \u00f6zel bir hesaba al\u0131nacakt\u0131r.<\/p>\n\n\n\n<p>\u00d6zel hesaba al\u0131nan KDV tutarlar\u0131n\u0131n, \u00fc\u00e7 y\u0131l i\u00e7erisinde m\u00fckelleflerin yapacaklar\u0131 talepler do\u011frultusunda y\u00fcr\u00fct\u00fclecek vergi incelemesi sonucuna g\u00f6re gelir veya kurumlar vergisi matrah\u0131n\u0131n tespitinde gider olarak dikkate al\u0131nmas\u0131 sa\u011flanacakt\u0131r. Ancak m\u00fckellefler bu s\u00fcre zarf\u0131nda vergi incelemesi talebinde bulunmazlarsa bu tutar\u0131n gider olarak dikkate al\u0131nmas\u0131 m\u00fcmk\u00fcn olmayacakt\u0131r.&nbsp;D\u00fczenleme 01.01.2030 tarihinde y\u00fcr\u00fcrl\u00fc\u011fe girecektir.<\/p>\n\n\n\n<h3 class=\"wp-block-heading\"><span class=\"ez-toc-section\" id=\"KDV_Iadelerindeki_Esas_Usulun_Vergi_Incelemesi_Olarak_Belirlenmesi\"><\/span>KDV \u0130adelerindeki Esas Usul\u00fcn Vergi \u0130ncelemesi Olarak Belirlenmesi<span class=\"ez-toc-section-end\"><\/span><\/h3>\n\n\n\n<p>Mevcut sistemde KDV m\u00fckelleflerinin iade talepleri i\u015flem t\u00fcr\u00fcne g\u00f6re vergi inceleme raporu veya yeminli <a href=\"https:\/\/mukellef.co\/blog\/mali-musavir-nedir\/\">mali m\u00fc\u015favir<\/a> raporu ile sonu\u00e7land\u0131r\u0131l\u0131yordu. Yeni d\u00fczenleme ile birlikte KDV iadelerinde esas usul\u00fcn sadece vergi inceleme raporu sonucuna g\u00f6re yerine getirilmesi kararla\u015ft\u0131r\u0131lm\u0131\u015ft\u0131r. Bu de\u011fi\u015fiklikle KDV iadelerinde daha s\u0131k\u0131 bir denetim ve kontrol\u00fcn uygulanaca\u011f\u0131 g\u00f6r\u00fclmektedir. D\u00fczenleme 01.01.2030 tarihinde y\u00fcr\u00fcrl\u00fc\u011fe girecektir.<\/p>\n\n\n\n<h2 class=\"wp-block-heading\"><span class=\"ez-toc-section\" id=\"Vergi_Usul_Kanununda_Yapilan_Duzenlemeler\"><\/span>Vergi Usul Kanunu\u2019nda Yap\u0131lan D\u00fczenlemeler<span class=\"ez-toc-section-end\"><\/span><\/h2>\n\n\n\n<p>Yeni d\u00fczenlemeyle birlikte vergi cezalar\u0131nda da \u00f6nemli art\u0131\u015flar yap\u0131lm\u0131\u015ft\u0131r. M\u00fckellefiyet tesis ettirmesi gerekti\u011fi halde kay\u0131t d\u0131\u015f\u0131 faaliyette bulunarak vergi ziya\u0131na sebep olanlara kesilecek vergi ziyai cezas\u0131 %50 art\u0131r\u0131ml\u0131 olarak uygulanacakt\u0131r. Ayr\u0131ca kay\u0131t d\u0131\u015f\u0131l\u0131\u011f\u0131n \u00f6nlenmesi amac\u0131yla usuls\u00fczl\u00fck cezalar\u0131nda da art\u0131\u015f \u00f6ng\u00fcr\u00fclmektedir.<\/p>\n\n\n\n<h2 class=\"wp-block-heading\"><span class=\"ez-toc-section\" id=\"Vergi_Sureclerinizi_Mukellef_ile_Yonetin\"><\/span>Vergi S\u00fcre\u00e7lerinizi M\u00fckellef ile Y\u00f6netin!<span class=\"ez-toc-section-end\"><\/span><\/h2>\n\n\n\n<p>\u015eirket sahipleri i\u00e7in vergi kanunlar\u0131nda yap\u0131lan de\u011fi\u015fiklikleri takip etmek ve vergi beyan s\u00fcre\u00e7lerini y\u00f6netmek zor olabilir. <a href=\"https:\/\/mukellef.co\/\" target=\"_blank\" rel=\"noreferrer noopener\">M\u00fckellef<\/a> ile \u015firketiniz kurulduktan sonra vergi \u00f6demelerinizi uygulamadan g\u00f6r\u00fcnt\u00fcleyebilir ve size \u00f6zel dan\u0131\u015fmanlar ile vergi s\u00fcre\u00e7lerinizi profesyonel destek ile tamamlayabilirsiniz.<\/p>\n\n\n\n\t\t<!--HubSpot Call-to-Action Code -->\n\t\t<span class=\"hs-cta-wrapper\" id=\"hs-cta-wrapper-914ee59c-f9be-41d2-9a32-ca2b1f2f0cff\">\n\t\t<span class=\"hs-cta-node hs-cta-914ee59c-f9be-41d2-9a32-ca2b1f2f0cff\" id=\"914ee59c-f9be-41d2-9a32-ca2b1f2f0cff\">\n\t\t<!--[if lte IE 8]>\n\t\t<div id=\"hs-cta-ie-element\"><\/div>\n\t\t<![endif]-->\n\t\t<a href=\"https:\/\/cta-redirect.hubspot.com\/cta\/redirect\/5318651\/914ee59c-f9be-41d2-9a32-ca2b1f2f0cff\" target=\"_blank\" rel=\"noopener\">\n\t\t<img decoding=\"async\" class=\"hs-cta-img\" id=\"hs-cta-img-914ee59c-f9be-41d2-9a32-ca2b1f2f0cff\" style=\"border-width:0px;\" src=\"https:\/\/no-cache.hubspot.com\/cta\/default\/5318651\/914ee59c-f9be-41d2-9a32-ca2b1f2f0cff.png\" alt=\"New call-to-action\" title=\"\">\n\t\t<\/a>\n\t\t<\/span>\n\t\t<script charset=\"utf-8\" src=\"\/\/js.hubspot.com\/cta\/current.js\"><\/script>\n\t\t<script>\n\t\thbspt.cta.load(5318651, '914ee59c-f9be-41d2-9a32-ca2b1f2f0cff', {});\n\t\t<\/script>\n\t\t<\/span>\n\t\t<!-- end HubSpot Call-to-Action Code -->\n\t\t\n","protected":false},"excerpt":{"rendered":"<p>02.08.2024 tarihinde Resmi Gazete\u2019de yay\u0131mlanan kanunla vergi mevzuat\u0131nda vergi m\u00fckellefleri ve i\u015f d\u00fcnyas\u0131 i\u00e7in \u00f6nemli de\u011fi\u015fikler yap\u0131lm\u0131\u015ft\u0131r. Kurumlar Vergisi Kanunu, Gelir Vergisi Kanunu, Katma De\u011fer Vergisi Kanunu ve Vergi Usul Kanunu gibi alanlarda yap\u0131lan d\u00fczenlemeler vergi m\u00fckelleflerinin uyum s\u00fcre\u00e7lerini yak\u0131ndan etkileyebilecek de\u011fi\u015fikliklerdir. Bu yaz\u0131m\u0131zda vergi kanunlar\u0131nda yap\u0131lan de\u011fi\u015fiklikler ve i\u015fleyi\u015fini detayl\u0131 bir \u015fekilde ele alaca\u011f\u0131z. &#8230;<\/p>\n","protected":false},"author":29,"featured_media":7980,"comment_status":"open","ping_status":"open","sticky":false,"template":"","format":"standard","meta":{"content-type":"","inline_featured_image":false,"footnotes":""},"categories":[30],"tags":[],"class_list":["post-7979","post","type-post","status-publish","format-standard","has-post-thumbnail","hentry","category-vergisel-konular"],"_links":{"self":[{"href":"https:\/\/mukellef.co\/blog\/wp-json\/wp\/v2\/posts\/7979","targetHints":{"allow":["GET"]}}],"collection":[{"href":"https:\/\/mukellef.co\/blog\/wp-json\/wp\/v2\/posts"}],"about":[{"href":"https:\/\/mukellef.co\/blog\/wp-json\/wp\/v2\/types\/post"}],"author":[{"embeddable":true,"href":"https:\/\/mukellef.co\/blog\/wp-json\/wp\/v2\/users\/29"}],"replies":[{"embeddable":true,"href":"https:\/\/mukellef.co\/blog\/wp-json\/wp\/v2\/comments?post=7979"}],"version-history":[{"count":7,"href":"https:\/\/mukellef.co\/blog\/wp-json\/wp\/v2\/posts\/7979\/revisions"}],"predecessor-version":[{"id":8761,"href":"https:\/\/mukellef.co\/blog\/wp-json\/wp\/v2\/posts\/7979\/revisions\/8761"}],"wp:featuredmedia":[{"embeddable":true,"href":"https:\/\/mukellef.co\/blog\/wp-json\/wp\/v2\/media\/7980"}],"wp:attachment":[{"href":"https:\/\/mukellef.co\/blog\/wp-json\/wp\/v2\/media?parent=7979"}],"wp:term":[{"taxonomy":"category","embeddable":true,"href":"https:\/\/mukellef.co\/blog\/wp-json\/wp\/v2\/categories?post=7979"},{"taxonomy":"post_tag","embeddable":true,"href":"https:\/\/mukellef.co\/blog\/wp-json\/wp\/v2\/tags?post=7979"}],"curies":[{"name":"wp","href":"https:\/\/api.w.org\/{rel}","templated":true}]}}